{"id":8318,"date":"2023-05-30T00:00:00","date_gmt":"2023-05-29T23:00:00","guid":{"rendered":"https:\/\/instrid.sk\/uncategorized\/zuzana-a-gabriela-uspesne-vedu-global-slovakia\/"},"modified":"2023-05-30T00:00:00","modified_gmt":"2023-05-29T23:00:00","slug":"zuzana-a-gabriela-uspesne-vedu-global-slovakia","status":"publish","type":"post","link":"https:\/\/instrid.sk\/en\/archiv\/zuzana-a-gabriela-uspesne-vedu-global-slovakia\/","title":{"rendered":"Zuzana a Gabriela \u00faspe\u0161ne ved\u00fa Global Slovakia. Prezentuj\u00fa n\u00e1s v zahrani\u010d\u00ed a u\u010dia v\u00e1\u017ei\u0165 si korene prostredn\u00edctvom kn\u00edh"},"content":{"rendered":"<ul>\n<li><strong>Na slovenskej sc\u00e9ne u\u017e nieko\u013eko rokov figuruje netradi\u010dn\u00e1 organiz\u00e1cia Global Slovakia. <\/strong><\/li>\n<li><strong>Venuje sa zvidite\u013e\u0148ovaniu Slovenska vo svete, av\u0161ak nezah\u00e1\u013ea ani na dom\u00e1cej p\u00f4de, kde sa venuje osvete Slov\u00e1kov o ich rodnej krajine.<\/strong><\/li>\n<li><strong>Pod veden\u00edm Zuzany Palovic a Gabriely Beregh\u00e1zyovej organiz\u00e1cia od roku 2017 vytvorila a vydala viacero kn\u00edh, ktor\u00fdm sa dostalo zna\u010dnej pozornosti v dom\u00e1cich a medzin\u00e1rodn\u00fdch m\u00e9di\u00e1ch. <\/strong><\/li>\n<li><strong>Zakladate\u013eky s\u00fa spoluautorkami \u0161tyroch kn\u00edh, ktor\u00e9 v kr\u00e1tkom \u010dase vy\u0161li v nieko\u013ek\u00fdch jazykoch.<\/strong><\/li>\n<\/ul>\n<p>&nbsp;<\/p>\n<h3>Preb\u00fadza\u0165 z\u00e1ujem o krajinu v srdci Eur\u00f3py<\/h3>\n<p>Po\u010das svojej existencie Global Slovakia zvidite\u013enila Slovensko na mnoh\u00fdch medzin\u00e1rodn\u00fdch podujatiach a na p\u00f4de prest\u00ed\u017enych organiz\u00e1ci\u00ed a in\u0161tit\u00faci\u00ed, vr\u00e1tane Ministerstva zahrani\u010dn\u00fdch vec\u00ed \u010ceskej republiky, Benedictine University v Chicagu (USA), Ve\u013evyslanectva Slovenskej republiky v Lond\u00fdne (Ve\u013ek\u00e1 Brit\u00e1nia), Ve\u013evyslanectva Slovenskej republiky vo Washingtone DC (USA) a Bohemian National Hall v New Yorku (USA). V r\u00e1mci 30. v\u00fdro\u010dia Ne\u017enej revol\u00facie uskuto\u010dnili celoslovensk\u00e9 turn\u00e9 po stredn\u00fdch \u0161kol\u00e1ch a predn\u00e1\u0161ali pred vy\u0161e dve tis\u00edc \u0161tudentmi.<\/p>\n<p>&quot;<em>Som dc\u00e9ra slovensk\u00fdch emigrantov. Vyrastala som v Kanade a nesk\u00f4r v USA. V istej chv\u00edli som sa za\u010dala viac a viac zauj\u00edma\u0165 o svoje korene. Po dokon\u010den\u00ed doktorandsk\u00e9ho \u0161t\u00fadia v Lond\u00fdne som sa vr\u00e1tila na Slovensko a zalo\u017eila som Global Slovakia<\/em>,\u201c hovor\u00ed <strong>Zuzana Palovic, odborn\u00ed\u010dka na migr\u00e1ciu v strednej a v\u00fdchodnej Eur\u00f3pe<\/strong>.<\/p>\n<p>&quot;<em>Takmer jednu dek\u00e1du som \u0161tudovala, pracovala a \u017eila v zahrani\u010d\u00ed. Kamko\u013evek som i\u0161la stret\u00e1vala som sa s rovnak\u00fdm probl\u00e9mom \u2013 Slovensko m\u00e1lokto pozn\u00e1 a propag\u00e1cia na\u0161ej krajiny vo svete nefunguje tak, ako by mala. Dv\u00edhanie povedomia o Slovensku sa stalo najprv mojou osobnou a potom aj profesion\u00e1lnou misiou<\/em>,\u201c objas\u0148uje svoje motiv\u00e1cie <strong>Gabriela Beregh\u00e1zyov\u00e1<\/strong>, ktor\u00e1 v zahrani\u010d\u00ed z\u00edskala doktor\u00e1t v oblasti korupcie, n\u00e1sledne sa vr\u00e1tila na Slovensko, kde st\u00e1la pri zrode Global Slovakia. Prostredn\u00edctvom organiz\u00e1cie mieni upozor\u0148ova\u0165 predov\u0161etk\u00fdm na priazniv\u00e9 vlastnosti na\u0161ej krajiny.<\/p>\n<p>&quot;<em>V\u00e1\u017eim si svoje korene a je c\u0165ou ukazova\u0165 svetu, ak\u00e9 je Slovensko kr\u00e1sne, ak\u00e1 bohat\u00e1 je na\u0161a hist\u00f3ria a ak\u00ed \u0161ikovn\u00ed s\u00fa na\u0161i \u013eudia<\/em>,\u201c dod\u00e1va Gabriela.<\/p>\n<p>&nbsp;<\/p>\n Gabriela Beregh\u00e1zyov\u00e1 a Zuzana Palovic zalo\u017eili Global Slovakia po tom, \u010do nadobudli sk\u00fasenosti so \u017eivotom v zahrani\u010d\u00ed. Slovensko m\u00e1 vo svojej prezent\u00e1cii vo svete rezervy, tvrdia. Foto: GlobalSlovakia.com\n<h3>M\u00e1 to zmysel<\/h3>\n<p>&quot;<em>Som hrd\u00e1 na to, \u017ee sme boli s\u00fa\u010das\u0165ou iniciat\u00edvy, ktor\u00e1 pomohla zmeni\u0165 Z\u00e1kon o ob\u010dianstve v apr\u00edli 2022, \u010do umo\u017enilo a\u017e tretej gener\u00e1cii potomkov Slov\u00e1kov z\u00edska\u0165 ob\u010dianstvo. T\u00e1to mo\u017enos\u0165 podnietila v USA zv\u00fd\u0161en\u00fd z\u00e1ujem nielen o cestovanie, ale aj o usadenie sa na Slovensku<\/em>,\u201c hovor\u00ed Zuzana Palovic.<\/p>\n<p>&quot;<em>M\u00e1lo \u013eud\u00ed si uvedomuje, \u017ee v Spojen\u00fdch \u0161t\u00e1toch \u017eij\u00fa dva mili\u00f3ny \u013eud\u00ed, ktor\u00ed maj\u00fa slovensk\u00fd p\u00f4vod<\/em>.\u201c<\/p>\n<p>Napriek iniciat\u00edvnemu pr\u00edstupu ciele organiz\u00e1cie stoja a padaj\u00fa na tom, \u017ee <strong>krajinu bud\u00fa re\u0161pektova\u0165, chr\u00e1ni\u0165 a budova\u0165 jej obyvatelia<\/strong>. Tak\u00fato vn\u00fatorn\u00fa motiv\u00e1ciu je v\u0161ak potrebn\u00e9 povzbudzova\u0165 aj t\u00fdm, \u017ee hodnotn\u00e9 projekty bud\u00fa upozor\u0148ova\u0165 na tie pozit\u00edvne faktory, ktor\u00e9 stoja za pozornos\u0165. Organiz\u00e1cia tak rob\u00ed aj prostredn\u00edctvom vy\u0161\u0161ie zmienenej vydavate\u013eskej \u010dinnosti.<\/p>\n<p>&nbsp;<\/p>\n<h3>Knihy, ktor\u00e9 sa oplat\u00ed ma\u0165<\/h3>\n<p>Book <strong>LEGENDA LIPY: HIST\u00d3RIA SLOVENSKA<\/strong> je umeleck\u00fdm podan\u00edm dej\u00edn Slovenska, ktor\u00e9 sa odohr\u00e1vaj\u00fa na pozad\u00ed v\u00fdvoja symboliky, n\u00e1rodn\u00e9ho stromu krajiny.<\/p>\n<p><strong>VE\u013dK\u00dd N\u00c1VRAT<\/strong> dokumentuje dramatick\u00e9 zmeny, ku ktor\u00fdm do\u0161lo na za\u010diatku 21. storo\u010dia, kedy z\u00e1padn\u00e1 Eur\u00f3pa otvorila svoje hranice krajin\u00e1m spoza b\u00fdvalej \u017eeleznej opony. Odvtedy viac ako 100 mili\u00f3nov \u013eud\u00ed, vr\u00e1tane Slov\u00e1kov, z\u00edskalo slobodu \u017ei\u0165, \u0161tudova\u0165 a pracova\u0165 kdeko\u013evek v Eur\u00f3pe bez toho, aby potrebovali v\u00edza. Ve\u013ek\u00fd n\u00e1vrat prin\u00e1\u0161a pr\u00edbehy t\u00fdch, ktor\u00ed sa rozhodli vr\u00e1ti\u0165 na Slovensko a zmeni\u0165 nie\u010do k lep\u0161iemu.<\/p>\n Knihy od Global Slovakia Legenda lipy: Hist\u00f3ria Slovenska, Ve\u013ek\u00fd n\u00e1vrat, \u010ceskoslovensko: Za \u017eeleznou oponou, Super Slov\u00e1ci\n<p><strong>\u010cESKOSLOVENSKO: ZA \u017dELEZNOU OPONOU<\/strong> vy\u0161lo v roku 2019 pri pr\u00edle\u017eitosti 30. v\u00fdro\u010dia Ne\u017enej revol\u00facie, ktor\u00e1 ukon\u010dila viac ako 40 rokov totalitn\u00e9ho socializmu v krajine. Fotografie renomovan\u00fdch dokument\u00e1rnych fotografov a arch\u00edvne dokumenty o\u017eivuj\u00fa t\u00fato d\u00f4le\u017eit\u00fa a ned\u00e1vnu kapitolu hist\u00f3rie Slovenska.<\/p>\n<p>Poslednou publik\u00e1ciou \u010dinorod\u00fdch autoriek je dvojjazy\u010dn\u00e1 anglicko-slovensk\u00e1 kniha <strong>SUPER SLOV\u00c1CI<\/strong>, ktor\u00e1 je ur\u010den\u00e1 najm\u00e4 mlad\u00e9mu \u010ditate\u013eovi. Predstavuje pr\u00edbehy 50 Slov\u00e1kov, ktor\u00ed svojimi \u017eivotmi zmenili na\u0161u krajinu, a t\u00fdm aj svet. Kniha o slovensk\u00fdch hrdinoch nielen vzdel\u00e1va, ale i in\u0161piruje bud\u00facu gener\u00e1ciu. S\u00fa\u010das\u0165ou projektu je pracovn\u00fd zo\u0161it, ktor\u00fd pom\u00e1ha rodi\u010dom a u\u010dite\u013eom kl\u00e1s\u0165 zmyslupln\u00e9 ot\u00e1zky a vies\u0165 kvalitn\u00e9 rozhovory s de\u0165mi.<\/p>\n<p style=\"padding-left: 40px;\"><strong>TIP: Knihy od Global Slovakia m\u00f4\u017eete zak\u00fapi\u0165 priamo cez webstr\u00e1nku organiz\u00e1cie<\/strong><\/p>\n<p>&nbsp;<\/p>\n<p>Pr\u00e1ca Zuzany a Gabriely si na\u0161la fan\u00fa\u0161ikov i za oce\u00e1nom. Pravideln\u00e9 webin\u00e1re, online kurzy o Slovensku a publik\u00e1cie poznaj\u00fa v nejednej rodine potomkov slovensk\u00fdch vys\u0165ahovalcov. Pr\u00e1ve im a hist\u00f3rii emigr\u00e1cie sa venuj\u00fa v pripravovanej knihe <strong>SLOVENSK\u00cd VYS\u0164AHOVALCI<\/strong>, ktor\u00fa predstav\u00edme nabud\u00face.<\/p>\n<p>Zakladate\u013eky Global Slovakia sa v\u0161ak nevenuj\u00fa len p\u00edsaniu a vyd\u00e1vaniu kn\u00edh, i ke\u010f ich tvoriv\u00e1 energia a r\u00fdchlos\u0165 vyd\u00e1vania nov\u00fdch origin\u00e1lnych publik\u00e1ci\u00ed si zasl\u00fa\u017eia obdiv.<\/p>\n<p>&nbsp;<\/p>","protected":false},"excerpt":{"rendered":"<p>Na slovenskej sc\u00e9ne u\u017e nieko\u013eko rokov figuruje netradi\u010dn\u00e1 organiz\u00e1cia Global Slovakia. Venuje sa zvidite\u013e\u0148ovaniu Slovenska vo svete, av\u0161ak nezah\u00e1\u013ea ani na dom\u00e1cej p\u00f4de, kde sa venuje osvete Slov\u00e1kov o ich rodnej krajine.<\/p>","protected":false},"author":1,"featured_media":0,"comment_status":"closed","ping_status":"closed","sticky":false,"template":"","format":"standard","meta":{"footnotes":""},"categories":[51],"tags":[],"class_list":["post-8318","post","type-post","status-publish","format-standard","hentry","category-archiv","two-columns"],"_links":{"self":[{"href":"https:\/\/instrid.sk\/en\/wp-json\/wp\/v2\/posts\/8318","targetHints":{"allow":["GET"]}}],"collection":[{"href":"https:\/\/instrid.sk\/en\/wp-json\/wp\/v2\/posts"}],"about":[{"href":"https:\/\/instrid.sk\/en\/wp-json\/wp\/v2\/types\/post"}],"author":[{"embeddable":true,"href":"https:\/\/instrid.sk\/en\/wp-json\/wp\/v2\/users\/1"}],"replies":[{"embeddable":true,"href":"https:\/\/instrid.sk\/en\/wp-json\/wp\/v2\/comments?post=8318"}],"version-history":[{"count":0,"href":"https:\/\/instrid.sk\/en\/wp-json\/wp\/v2\/posts\/8318\/revisions"}],"wp:attachment":[{"href":"https:\/\/instrid.sk\/en\/wp-json\/wp\/v2\/media?parent=8318"}],"wp:term":[{"taxonomy":"category","embeddable":true,"href":"https:\/\/instrid.sk\/en\/wp-json\/wp\/v2\/categories?post=8318"},{"taxonomy":"post_tag","embeddable":true,"href":"https:\/\/instrid.sk\/en\/wp-json\/wp\/v2\/tags?post=8318"}],"curies":[{"name":"wp","href":"https:\/\/api.w.org\/{rel}","templated":true}]}}