{"id":8340,"date":"2023-06-25T00:00:00","date_gmt":"2023-06-24T23:00:00","guid":{"rendered":"https:\/\/instrid.sk\/uncategorized\/starsi-ludia-zatracovali-mladu-generaciu-uz-v-davnej-historii-v-kom-nastala-chyba\/"},"modified":"2023-06-25T00:00:00","modified_gmt":"2023-06-24T23:00:00","slug":"starsi-ludia-zatracovali-mladu-generaciu-uz-v-davnej-historii-v-kom-nastala-chyba","status":"publish","type":"post","link":"https:\/\/instrid.sk\/en\/archiv\/starsi-ludia-zatracovali-mladu-generaciu-uz-v-davnej-historii-v-kom-nastala-chyba\/","title":{"rendered":"Star\u0161\u00ed \u013eudia zatracovali mlad\u00fa gener\u00e1ciu u\u017e v d\u00e1vnej hist\u00f3rii. V kom nastala chyba?"},"content":{"rendered":"<h3>Pre\u010do star\u0161\u00ed \u013eudia v\u017edy odsudzovali mlad\u00fdch?<\/h3>\n<p><strong>Je za t\u00fdm \u010diasto\u010dne strach, \u010diasto\u010dne sebalichotenie a \u010diasto\u010dne klam. Deje sa to u\u017e tis\u00edce rokov.<\/strong> Ira S. Wolfe je obchodn\u00fdm konzultantom v Pensylv\u00e1nii. Pred nieko\u013ek\u00fdmi rokmi sa v\u0161etci jeho klienti ob\u00e1vali jedn\u00e9ho: mileni\u00e1lov. \u201eMilleni\u00e1li boli v tom \u010dase v\u00e4\u010d\u0161inou t\u00edned\u017eeri alebo pr\u00e1ve kon\u010dili vysok\u00fa \u0161kolu,\u201c spom\u00edna Wolfe, \u201ea bola to hrozn\u00e1, rozmaznan\u00e1, prehnit\u00e1, narcistick\u00e1, egoistick\u00e1, leniv\u00e1 gener\u00e1cia. Ka\u017ed\u00fd n\u00e1borov\u00fd mana\u017e\u00e9r tvrdil: \u201e\u010co budeme robi\u0165 s t\u00fdmito mal\u00fdmi de\u0165mi?\u2018\u201c<\/p>\n<p>Wolfovou \u00falohou bolo na t\u00fato ot\u00e1zku odpoveda\u0165. v roku 2008 preto nap\u00edsal knihu s n\u00e1zvom Geeks, Geezers a Googlization. V tom \u010dase mal 58 rokov a sna\u017eil sa v nej uvies\u0165 n\u00e1vod na medzigenera\u010dn\u00e9 pracovisk\u00e1 \u2013 n\u00e1vod, ako dosiahnu\u0165, aby v\u0161etci pracovali v harm\u00f3nii. Deviatu kapitolu bola venoval najnov\u0161ej pracovnej sile &#8211; nazval ju \u201eNajhl\u00fapej\u0161ia gener\u00e1cia?\u201c.<\/p>\n Na chyby mlad\u00fdch \u013eud\u00ed sa nahliada jednoducho. Probl\u00e9mom je aj odli\u0161n\u00e9 nahliadanie na svet a \u017eivot. Zdroj: Pexels.com\n<h3>\u00a0\u201eO World of Warcraft vedia viac ako o druhej svetovej vojne.\u201c<\/h3>\n<p>Wolfe za\u010d\u00edna: \u201eAk\u00fd rozdiel m\u00f4\u017ee prinies\u0165 nieko\u013eko desa\u0165ro\u010d\u00ed. Mlad\u00fd \u0161tudent a jeho rodi\u010dia raz boli zahanben\u00ed pre jeho zl\u00e9 zn\u00e1mky na vysved\u010den\u00ed. Mlad\u00fd robotn\u00edk mal v\u00fd\u010ditky, ak sklamal svojho \u0161\u00e9fa.\u201c U\u017e tomu tak nie je. Teraz absentuj\u00fa\u00a0 z\u00e1kladn\u00e9 slu\u0161nosti minul\u00fdch gener\u00e1ci\u00ed. Nie\u010do z\u00e1sadn\u00e9 sa zmenilo. <strong>\u201eToto je gener\u00e1cia, ktor\u00e1 vyrastala a \u010d\u00edtala blogy namiesto kn\u00edh. \u010c\u00edtaj\u00fa aktualiz\u00e1cie o priate\u013eoch na Facebooku namiesto toho, aby \u010d\u00edtali aktu\u00e1lne udalosti v novin\u00e1ch. O World of Warcraft vedia viac ako o druhej svetovej vojne.\u201c<\/strong><\/p>\n<p>Wolfe samozrejme nepri\u0161iel s ni\u010d\u00edm origin\u00e1lnym. P\u00edsal o tom, \u010do po\u010dul a \u010do sa hovor\u00ed aj dodnes \u2013 \u017ee nov\u00e1 gener\u00e1cia je slabou ozvenou tej starej. Tomuto n\u00e1zoru sa prikl\u00e1\u0148a aj verzia telev\u00edzneho moder\u00e1tora Joea Scarborougha v tweete z roku 2017: <strong>\u201eMlad\u00ed mu\u017ei v 40. rokoch oslobodili Eur\u00f3pu od nacizmu a Tichomorie od Japonskej r\u00ed\u0161e. Dnes sedia doma a hraj\u00fa videohry.\u201c\u00a0<\/strong><\/p>\n<p>Fr\u00e1zy, ktor\u00e9 s\u00fa dookola opakuj\u00facim sa refr\u00e9nom roky po\u010d\u00favan\u00fdch piesn\u00ed. No v\u0161etci, ktor\u00ed radi upozor\u0148uj\u00fa na neospravedlnite\u013en\u00e9 chyby ml\u00e1de\u017ee, zab\u00fadaj\u00fa, ako sa pr\u00edbeh vyvinie: <strong>\u010eal\u0161ia gener\u00e1cia je prekvapivo v poriadku.<\/strong> Je schopn\u00e1. Je lep\u0161ia. Niektor\u00ed z jej \u010dlenov s\u00fa v \u00fazad\u00ed, no in\u00ed hrdo vykro\u010dili a urobili svet lep\u0161\u00edm. Rozhliadnite sa okolo seba: V\u0161etko, \u010do pozn\u00e1me \u2013 v\u0161etko, na \u010do sme sa kedy spoliehali, zbo\u017e\u0148ovali alebo po \u010dom sme t\u00fa\u017eili \u2013 vytvorila gener\u00e1cia, ktor\u00e1 bola odmietnut\u00e1 tou pred \u0148ou. Ak by sme sa v priebehu gener\u00e1ci\u00ed sk\u00f4r zhor\u0161ovali ako zlep\u0161ovali, nemali by sme ni\u010d. B\u00fachali by sme si hlavy o ruiny pyram\u00edd. Namiesto toho sme vybudovali modern\u00fd svet. Na\u0161e dne\u0161n\u00e9 \u017eivoty s\u00fa nepopierate\u013en\u00fdm d\u00f4kazom toho, \u017ee v\u0161etci, \u010do tvrdili opak, sa m\u00fdlili.<\/p>\n Mlad\u00ed \u013eudia \u010dasto prin\u00e1\u0161aj\u00fa inovat\u00edvne n\u00e1pady a rie\u0161enia, ktor\u00fdmi m\u00f4\u017ee spolo\u010dnos\u0165 napredova\u0165. Zdroj: Pexels.com\n<h3>Pre\u010do v spolo\u010dnosti st\u00e1le koluje tento n\u00e1zor? Boj\u00edme sa.<\/h3>\n<p>Aby sme pochopili, pre\u010do st\u00e1le pochybujeme o mladej gener\u00e1cii, mus\u00edme najprv pochopi\u0165 cel\u00fd rozsah probl\u00e9mu. Nem\u00f4\u017eeme sa pozera\u0165 len na jedn\u00e9ho jednotlivca. U\u017e na\u0161e najranej\u0161ie texty s\u00fa pln\u00e9 zatracovania ml\u00e1de\u017ee. Texty star\u00fdch Gr\u00e9kov v rokoch 600 a\u017e 300 pred Kristom texty hovoria o tom, \u017ee sa z det\u00ed stali tyrani odporuj\u00faci svojim rodi\u010dom a hltaj\u00faci tie najlep\u0161ie ma\u0161krty pri stole. V prvom storo\u010d\u00ed n\u00e1\u0161ho letopo\u010dtu zasa Seneca star\u0161\u00ed p\u00ed\u0161e: <strong>\u201eNa\u0161i mlad\u00ed mu\u017ei s\u00fa leniv\u00ed. Ich talenty zostali ne\u010dinn\u00e9 a neexistuje jedin\u00e9 \u010destn\u00e9 povolanie, pre ktor\u00e9 by dreli de\u0148 i noc.\u201c<\/strong><\/p>\n<p>Renesan\u010dn\u00ed spisovatelia sa s\u0165a\u017eovali na hlu\u010dn\u00fa ml\u00e1de\u017e spievaj\u00facu oplzl\u00e9 piesne v nevhodnom spolo\u010denskom prostred\u00ed. V predkoloni\u00e1lnej Afrike sa mlad\u00fd \u010dlovek nepova\u017eoval za plnohodnotn\u00e9ho \u010dloveka, k\u00fdm nepre\u0161iel zasv\u00e4ten\u00edm. Dokonca ani vtedy nebol plne re\u0161pektovan\u00fd. Musel sa sta\u0165 rodi\u010dom. Jedn\u00fdm z d\u00f4vodov, pre\u010do Mao Ce-tung spustil kult\u00farnu revol\u00faciu, hovor\u00ed Mark Elliott, profesor \u010d\u00ednskej a vn\u00fatornej \u00e1zijskej hist\u00f3rie na Harvardskej univerzite, \u201ebol strach, \u017ee mlad\u00ed bez sk\u00fasenost\u00ed star\u0161ej gener\u00e1cie revolucion\u00e1rov bud\u00fa pr\u00edli\u0161 m\u00e4kk\u00ed. \u201c<\/p>\n Najd\u00f4le\u017eitej\u0161ie je porozumenie. Zdroj: Pexels.com\n<h3>Zacyklili sme sa v jednej a tej istej my\u0161lienke cel\u00e9 storo\u010dia<\/h3>\n<p>Poni\u017eovanie ml\u00e1de\u017ee nie je v\u00fdhradou len star\u0161\u00edch \u013eud\u00ed.\u00a0 Napr\u00edklad v roku 1980 novin\u00e1r Gregg Easterbrook, ktor\u00fd mal vtedy nie\u010do po dvadsiatke, si v\u0161imol nie\u010do znepokojuj\u00face. Mlad\u00e1 gener\u00e1cia sa zdala by\u0165 odtrhnut\u00e1 od sveta, postavila medzi seba a \u010doko\u013evek zmyslupln\u00e9 m\u00far \u013eahostajnosti. Preto sa vydal na str\u00e1nky Washington Monthly a ods\u00fadil kolekt\u00edvnu ml\u00e1de\u017e v diele s n\u00e1zvom \u201eStrach z \u00faspechu\u201c.<strong> Obvinil dobov\u00fdch dvadsiatnikov, \u017ee t\u00fa\u017eia po nudn\u00fdch a nen\u00e1ro\u010dn\u00fdch zamestnaniach, sabotuj\u00fa svoje romantick\u00e9 vz\u0165ahy a dokonca odmietaj\u00fa voli\u0165 zo strachu, \u017ee uveria v zmenu. Tvrdil, \u017ee ide o po\u0161koden\u00fa gener\u00e1ciu.<\/strong><\/p>\n<p>Kde sa vzala jeho mlad\u00edcka negativita? M\u00e1 minim\u00e1lne jedn\u00e9ho vinn\u00edka: Gener\u00e1ciu pred n\u00edm. \u201eMoja gener\u00e1cia po\u010d\u00favala, \u017ee t\u00e1 najlep\u0161ia vyhr\u00e1 druh\u00fa svetov\u00fa vojnu, prekon\u00e1 depresiu,\u201c hovor\u00ed Easterbrook dnes. \u201eMlad\u00ed sa ob\u00e1vali, \u017ee nie s\u00fa tak\u00ed dobr\u00ed ako star\u00ed.\u201c\u00a0Prin\u00e1\u0161ame na tento svet nov\u00fa gener\u00e1ciu, len aby sme ich presved\u010dili o ich nedostatkoch, aby mohli vznies\u0165 rovnak\u00e9 obvinenia vo\u010di svojim rovesn\u00edkom. Posielame deti do bud\u00facnosti a hovor\u00edme im, \u017ee tie najkraj\u0161ie chv\u00edle u\u017e pominuli.<\/p>\n<p>ZDROJ: medium.com<\/p>","protected":false},"excerpt":{"rendered":"<p>Pre\u010do star\u0161\u00ed \u013eudia v\u017edy odsudzovali mlad\u00fdch? Je za t\u00fdm \u010diasto\u010dne strach, \u010diasto\u010dne sebalichotenie a \u010diasto\u010dne klam. Deje sa to u\u017e tis\u00edce rokov. Ira S. Wolfe<\/p>","protected":false},"author":1,"featured_media":0,"comment_status":"closed","ping_status":"closed","sticky":false,"template":"","format":"standard","meta":{"footnotes":""},"categories":[51],"tags":[],"class_list":["post-8340","post","type-post","status-publish","format-standard","hentry","category-archiv","two-columns"],"_links":{"self":[{"href":"https:\/\/instrid.sk\/en\/wp-json\/wp\/v2\/posts\/8340","targetHints":{"allow":["GET"]}}],"collection":[{"href":"https:\/\/instrid.sk\/en\/wp-json\/wp\/v2\/posts"}],"about":[{"href":"https:\/\/instrid.sk\/en\/wp-json\/wp\/v2\/types\/post"}],"author":[{"embeddable":true,"href":"https:\/\/instrid.sk\/en\/wp-json\/wp\/v2\/users\/1"}],"replies":[{"embeddable":true,"href":"https:\/\/instrid.sk\/en\/wp-json\/wp\/v2\/comments?post=8340"}],"version-history":[{"count":0,"href":"https:\/\/instrid.sk\/en\/wp-json\/wp\/v2\/posts\/8340\/revisions"}],"wp:attachment":[{"href":"https:\/\/instrid.sk\/en\/wp-json\/wp\/v2\/media?parent=8340"}],"wp:term":[{"taxonomy":"category","embeddable":true,"href":"https:\/\/instrid.sk\/en\/wp-json\/wp\/v2\/categories?post=8340"},{"taxonomy":"post_tag","embeddable":true,"href":"https:\/\/instrid.sk\/en\/wp-json\/wp\/v2\/tags?post=8340"}],"curies":[{"name":"wp","href":"https:\/\/api.w.org\/{rel}","templated":true}]}}