{"id":8350,"date":"2023-06-29T00:00:00","date_gmt":"2023-06-28T23:00:00","guid":{"rendered":"https:\/\/instrid.sk\/uncategorized\/kriticke-myslenie-a-slovaci\/"},"modified":"2023-06-29T00:00:00","modified_gmt":"2023-06-28T23:00:00","slug":"kriticke-myslenie-a-slovaci","status":"publish","type":"post","link":"https:\/\/instrid.sk\/en\/archiv\/kriticke-myslenie-a-slovaci\/","title":{"rendered":"Mlad\u00ed Slov\u00e1ci neprejavuj\u00fa z\u00e1ujem o okolit\u00e9 dianie, na z\u00e1klade toho vznikla vzdel\u00e1vacia pr\u00edru\u010dka pre prvovoli\u010dov"},"content":{"rendered":"<p>V priebehu posledn\u00fdch rokov sa stret\u00e1vame s tvrden\u00edm, \u017ee <strong>Slov\u00e1kom ch\u00fdba kritick\u00e9 myslenie.<\/strong> Posilnila ho najm\u00e4 covidov\u00e1 pand\u00e9mia, po\u010das ktorej mnoho \u013eud\u00ed pod\u013eahlo r\u00f4znym hoaxom.<\/p>\n<p>Soci\u00e1lnymi m\u00e9diami obehli spr\u00e1vy oh\u013eadom ukryt\u00fdch \u010dipov vo vakc\u00ednach, \u010do spustilo vlnu kon\u0161pir\u00e1ci\u00ed v koment\u00e1roch. Ako sme uviedli v na\u0161om predo\u0161lom \u010dl\u00e1nku, <strong>Slov\u00e1ci s\u00fa a\u017e o dvakr\u00e1t viac n\u00e1chylnej\u0161\u00ed vo\u010di tak\u00e9muto typu inform\u00e1ci\u00ed ne\u017e \u010cesi.<\/strong><\/p>\n<p>\u0160tatistiky prieskumu GLOBSEC uv\u00e1dzaj\u00fa priam alarmuj\u00face \u010d\u00edsla, nako\u013eko<strong> na \u00fazem\u00ed Slovenska ver\u00ed popla\u0161n\u00fdm spr\u00e1vam a\u017e 56 % respondentov.<\/strong> Medzi nimi tvoria v\u00fdrazn\u00fa skupinu aj pedag\u00f3govia, ktor\u00ed a\u017e v 30 % pr\u00edpadoch uviedli, \u017ee o\u010dkovanie je n\u00e1stroj na \u010dipovanie \u013eud\u00ed.<\/p>\n<p>Podobn\u00e9 zav\u00e1dzaj\u00face inform\u00e1cie sa t\u00fdkaj\u00fa aj <strong>vojny na Ukrajine \u010di politickej situ\u00e1cie.<\/strong> V pr\u00edpade vra\u017edy investigat\u00edvneho novin\u00e1ra J\u00e1na Kuciaka a jeho sn\u00fabenice Martiny Ku\u0161n\u00edrovej si ka\u017ed\u00fd druh\u00fd Slov\u00e1k myslel, \u017ee protesty za Slu\u0161n\u00e9 Slovensko, ktor\u00e9 sa udiali po ich smrti, zorganizovali zahrani\u010dn\u00e9 mocnosti.<\/p>\n<p>Av\u0161ak potreba kritick\u00e9ho myslenia nie je potrebn\u00e1 len pri spolo\u010denskom \u017eivote. <strong>Jeho spr\u00e1vne vyu\u017eitie m\u00f4\u017ee ovplyvni\u0165 aj osobn\u00e9 konanie,<\/strong> \u010di u\u017e v pr\u00edpade v\u00fdberu vhodn\u00e9ho zamestnania \u010di partnera.<\/p>\n<h3>Pr\u00edru\u010dka kritick\u00e9ho myslenia pre prvovoli\u010dov<\/h3>\n<p>S\u00edce na prv\u00fd poh\u013ead sa zd\u00e1, \u017ee kon\u0161pir\u00e1ci\u00e1m podliehaj\u00fa len star\u0161ie gener\u00e1cie, <strong>v\u00fdnimku netvoria ani \u0161tudenti stredn\u00fdch \u0161k\u00f4l.<\/strong><\/p>\n<p>Ako uv\u00e1dza Forbes, na z\u00e1klade toho neziskov\u00fd projekt Zmudri.sk vytvoril <strong>vzdel\u00e1vaciu a nestran\u00edcku pr\u00edru\u010dku pre prvovoli\u010dov,<\/strong> ktor\u00e1 nesie n\u00e1zov Politika polopate. Pre relevantnej\u0161ie inform\u00e1cie na publik\u00e1cii pracovali aj odborn\u00edci a politol\u00f3govia.<\/p>\n V s\u00fa\u010dasnosti rezonuje podpora kritick\u00e9ho myslenia na \u0161kol\u00e1ch. Zdroj: pexels.com\n<p>Uveden\u00fd projekt doposia\u013e pom\u00e1hal \u0161kol\u00e1m, \u017eiakom a \u0161tudentom vzdel\u00e1va\u0165 sa z\u00e1bavnou a inovat\u00edvnou formou, ktorou prin\u00e1\u0161a t\u00e9my oh\u013eadom <strong>kritick\u00e9ho myslenia, digit\u00e1lnej bezpe\u010dnosti \u010di fungovania \u0161t\u00e1tu.<\/strong> Z\u00e1rove\u0148 u\u017e v minulosti vytvoril pr\u00edru\u010dku o kritickom myslen\u00ed, ktorej v\u00fdtla\u010dky sa odoslali do slovensk\u00fdch \u0161k\u00f4l v priemere 15-tis\u00edc kusov. V\u00fdnimku netvor\u00ed ani s\u00fa\u010dasn\u00e9 vydanie, ktor\u00e9 chce e\u0161te pred parlamentn\u00fdmi vo\u013ebami poskytn\u00fa\u0165 bezplatne stredo\u0161kol\u00e1kom.<\/p>\n<p>Jedn\u00fdm z jeho cie\u013eov je mlad\u00fdm \u013eu\u010fom vysvetli\u0165, ako vo ve\u013ekom mno\u017estve politick\u00fdch predstavite\u013eov mo\u017eno spozna\u0165 populistov, \u010do m\u00f4\u017ee zefekt\u00edvni\u0165 ich v\u00fdber. Jeho benefitom je z\u00e1rove\u0148 aj to, \u017ee <strong>nespom\u00edna \u017eiadne konkr\u00e9tne politick\u00e9 strany a politikov,<\/strong> \u010do podnecuje jeho nestrannos\u0165.<\/p>\n<p><strong><em>\u201eJednoducho sa sna\u017e\u00edme zrozumite\u013en\u00fdm sp\u00f4sobom mlad\u00fdm \u013eu\u010fom pribl\u00ed\u017ei\u0165 zlo\u017eit\u00e9 fungovanie vec\u00ed,\u201c<\/em> <\/strong>objas\u0148uje pr\u00ednos pr\u00edru\u010dky Martina Bolibruchov\u00e1, ktor\u00e1 p\u00f4sob\u00ed v Zmudri.<\/p>\n<p>Jej potreba je v\u0161ak d\u00f4le\u017eit\u00e1 z h\u013eadiska viacer\u00fdch sf\u00e9r. Jeden z pr\u00edkladov tvor\u00ed <strong>nedostato\u010dn\u00e1 v\u00fduka ob\u010dianskej n\u00e1uky na stredn\u00fdch \u0161kol\u00e1ch,<\/strong> nako\u013eko ju v mnoh\u00fdch pr\u00edpadoch vyu\u010duj\u00fa nedostato\u010dne kvalifikovan\u00ed u\u010ditelia. Na z\u00e1klade toho z viacer\u00fdch prieskumov vypl\u00fdva, \u017ee dospievaj\u00faci Slov\u00e1ci neprejavuj\u00fa z\u00e1ujem o okolit\u00e9 dianie, za \u010do m\u00f4\u017ee aj ich nevedomos\u0165.<\/p>\n<h3>Olympi\u00e1da podporuj\u00faca vn\u00edmanie stredo\u0161kol\u00e1kov<\/h3>\n<p>Podobn\u00fd pozit\u00edvny pr\u00edklad na rozvoj kritick\u00e9ho myslenia \u0161tudentov sme zaznamenali u\u017e v minulosti. Ako sme p\u00edsali v na\u0161om predo\u0161lom \u010dl\u00e1nku, na Slovensku sa vytvoril projekt, <strong>ktor\u00fd u\u010d\u00ed mlad\u00fdch adolescentov kriticky myslie\u0165 a triedi\u0165 inform\u00e1cie.<\/strong><\/p>\n<p>Ide o <strong>Olympi\u00e1du kritick\u00e9ho myslenia,<\/strong> za ktorou stoj\u00ed riadite\u013e Slovenskej debatnej asoci\u00e1cie Ondrej Sch\u00fctz. Ako koordin\u00e1tor podujatia p\u00f4sob\u00ed len 22-ro\u010dn\u00fd Richard Va\u0161ko, ktor\u00fd je v asoci\u00e1cii akt\u00edvny od svojich 12-tich rokov.<\/p>\n Mnoho Slov\u00e1kov sa k dezinform\u00e1ci\u00e1m dost\u00e1va prostredn\u00edctvom soci\u00e1lnych m\u00e9di\u00ed. Zdroj: pexels.com\n<p>Cie\u013eom olympi\u00e1dy je obozn\u00e1mi\u0165 \u017eiakov s medi\u00e1lnou gramotnos\u0165ou, interpret\u00e1ciou d\u00e1t, odolnos\u0165ou vo\u010di manipul\u00e1cii a argument\u00e1ciou. Z\u00e1rove\u0148 <strong>k jej pilierom nepatr\u00ed z\u00fa\u010dastnen\u00fdm pretl\u00e1\u010da\u0165 konkr\u00e9tnu ideol\u00f3giu,<\/strong> ale nau\u010di\u0165 ich vytv\u00e1ra\u0165 si vlastn\u00e9 n\u00e1zory, ktor\u00e9 s\u00fa podlo\u017een\u00e9 d\u00f4veryhodn\u00fdmi inform\u00e1ciami. Aj na z\u00e1klade toho rozv\u00edja ich kritick\u00e9 myslenie prostredn\u00edctvom rozoznania spo\u013eahliv\u00fdch a nespo\u013eahliv\u00fdch m\u00e9di\u00ed \u010di pozeran\u00edm sa na form\u00e1lnu \u00fapravu \u010dl\u00e1nku.<\/p>\n<p>Projekt na Slovensku funguje dva roky, pri\u010dom sa do jeho \u0161kolsk\u00e9ho kola tento rok prihl\u00e1silo<strong> takmer 6 000 stredo\u0161kol\u00e1kov zo 70 okresov.<\/strong> Pozost\u00e1va z troch k\u00f4l, pri\u010dom prv\u00e9 dve prebiehaj\u00fa online. Po ich \u00faspe\u0161nom absolvovan\u00ed nasleduje celoslovensk\u00e9 fin\u00e1le, ktor\u00e9ho sa z\u00fa\u010dastn\u00ed len 40 najlep\u0161\u00edch uch\u00e1dza\u010dov.<\/p>\n<h3>Posilnenie kritick\u00e9ho myslenia v dospelosti<\/h3>\n<p><strong>Ani v pokro\u010dilej\u0161om veku nie je neskoro si osvoji\u0165 princ\u00edpy kritick\u00e9ho myslenia.<\/strong> Na z\u00e1klade toho \u0161achov\u00fd ve\u013emajster J\u00e1n Marko\u0161 pre Forbes priniesol nieko\u013eko r\u00e1d, ako ho mo\u017eno podpori\u0165.<\/p>\n<p>Svoje poznatky predn\u00e1\u0161a aj mana\u017e\u00e9rom, pri\u010dom v\u00fdnimku netvoria ani jeho <strong>kurzy zameran\u00e9 na rozvoj kritick\u00e9ho myslenia.<\/strong> Danej problematike sa venuje aj v jeho knihe Sila rozumu v bl\u00e1znivej dobe, ktor\u00e1 nesie podtitul Manu\u00e1l kritick\u00e9ho myslenia.<\/p>\n<p>K\u013e\u00fa\u010dov\u00fd faktor pozost\u00e1va z h\u013eadania os\u00f4b, ktor\u00e9 s\u00fa hodn\u00e9 na\u0161ej d\u00f4very. Netreba sa v\u0161ak pozera\u0165 na cel\u00fd svet s podozren\u00edm, \u017ee je vo\u010di n\u00e1m ne\u00faprimn\u00fd. Sta\u010d\u00ed sa na\u0148 pozera\u0165 objekt\u00edvne, pri\u010dom<strong> vn\u00edmame dobro i zlo.<\/strong><\/p>\n Odborn\u00edci odpor\u00fa\u010daj\u00fa si dr\u017ea\u0165 odstup od inform\u00e1ci\u00ed, ktor\u00e9 ka\u017edodenne prij\u00edmame. Zdroj: pexels.com\n<p>Rovnako d\u00f4le\u017eit\u00fd krok tvor\u00ed aj <strong>dr\u017eanie si odstupu od spr\u00e1v,<\/strong> ktor\u00e9 n\u00e1m denne pon\u00faka mno\u017estvo medi\u00e1lnych in\u0161tit\u00faci\u00ed. Preto si treba da\u0165 pozor, ak\u00e9 pocity v n\u00e1s prij\u00edman\u00e9 inform\u00e1cie vyvol\u00e1vaj\u00fa. V pr\u00edpade siln\u00fdch em\u00f3ci\u00ed je potreba sa pozera\u0165 aj na ich objektivitu a profesionalitu novin\u00e1rskej pr\u00e1ce, nako\u013eko mnoh\u00e9 z nich maj\u00fa za cie\u013e zatrias\u0165 s pocitmi prij\u00edmate\u013ea.<\/p>\n<p>K potrebe kritick\u00e9ho myslenia posta\u010d\u00ed aj<strong> z\u00e1kladn\u00fd \u013eudsk\u00fd faktor v podobe dobrej pam\u00e4te.<\/strong> Netreba zab\u00fada\u0165 na kauzy, ktor\u00fdch \u017eivotnos\u0165 je kr\u00e1tkodob\u00e1. Rovnako sa odpor\u00fa\u010da nekritizova\u0165 \u013eud\u00ed na soci\u00e1lnych m\u00e9di\u00e1ch s in\u00fdm n\u00e1zorom. Dan\u00e9 spr\u00e1vanie vytv\u00e1ra len v\u00e4\u010d\u0161iu priepas\u0165 medzi osobami s protip\u00f3lnymi n\u00e1zormi, \u010do vytv\u00e1ra v\u00e4\u010d\u0161iu polariz\u00e1ciu spolo\u010dnosti.<\/p>","protected":false},"excerpt":{"rendered":"<p>V priebehu posledn\u00fdch rokov sa stret\u00e1vame s tvrden\u00edm, \u017ee Slov\u00e1kom ch\u00fdba kritick\u00e9 myslenie. Posilnila ho najm\u00e4 covidov\u00e1 pand\u00e9mia, po\u010das ktorej mnoho \u013eud\u00ed pod\u013eahlo r\u00f4znym hoaxom.<\/p>","protected":false},"author":1,"featured_media":0,"comment_status":"closed","ping_status":"closed","sticky":false,"template":"","format":"standard","meta":{"footnotes":""},"categories":[51],"tags":[],"class_list":["post-8350","post","type-post","status-publish","format-standard","hentry","category-archiv","two-columns"],"_links":{"self":[{"href":"https:\/\/instrid.sk\/en\/wp-json\/wp\/v2\/posts\/8350","targetHints":{"allow":["GET"]}}],"collection":[{"href":"https:\/\/instrid.sk\/en\/wp-json\/wp\/v2\/posts"}],"about":[{"href":"https:\/\/instrid.sk\/en\/wp-json\/wp\/v2\/types\/post"}],"author":[{"embeddable":true,"href":"https:\/\/instrid.sk\/en\/wp-json\/wp\/v2\/users\/1"}],"replies":[{"embeddable":true,"href":"https:\/\/instrid.sk\/en\/wp-json\/wp\/v2\/comments?post=8350"}],"version-history":[{"count":0,"href":"https:\/\/instrid.sk\/en\/wp-json\/wp\/v2\/posts\/8350\/revisions"}],"wp:attachment":[{"href":"https:\/\/instrid.sk\/en\/wp-json\/wp\/v2\/media?parent=8350"}],"wp:term":[{"taxonomy":"category","embeddable":true,"href":"https:\/\/instrid.sk\/en\/wp-json\/wp\/v2\/categories?post=8350"},{"taxonomy":"post_tag","embeddable":true,"href":"https:\/\/instrid.sk\/en\/wp-json\/wp\/v2\/tags?post=8350"}],"curies":[{"name":"wp","href":"https:\/\/api.w.org\/{rel}","templated":true}]}}