{"id":8362,"date":"2023-07-06T00:00:00","date_gmt":"2023-07-05T23:00:00","guid":{"rendered":"https:\/\/instrid.sk\/uncategorized\/kvalita-zivota-a-mesta\/"},"modified":"2023-07-06T00:00:00","modified_gmt":"2023-07-05T23:00:00","slug":"kvalita-zivota-a-mesta","status":"publish","type":"post","link":"https:\/\/instrid.sk\/en\/archiv\/kvalita-zivota-a-mesta\/","title":{"rendered":"Ktor\u00e9 mest\u00e1 pon\u00fakaj\u00fa najlep\u0161ie podmienky na \u017eivot? Na prvej prie\u010dke dominuje op\u00e4\u0165 Viede\u0148"},"content":{"rendered":"<p>Pri v\u00fdbere vhodn\u00e9ho miesta na \u017eivot zoh\u013ead\u0148ujeme viacero faktorov. Mlad\u00e9 rodiny maj\u00fa z\u00e1ujem o lokality, v ktor\u00fdch s\u00fa dostupn\u00e9 viacer\u00e9 in\u0161tit\u00facie zabezpe\u010duj\u00face kvalitn\u00e9 vzdelanie \u010di pestr\u00fa ponuku pracovn\u00fdch miest. D\u00f4raz klad\u00fa z\u00e1rove\u0148 aj na <strong>dostupnos\u0165 zelene v okol\u00ed alebo<\/strong> <strong>mieru kriminality v jednotliv\u00fdch mest\u00e1ch<\/strong>.<\/p>\n<p>Na z\u00e1klade toho The Economist Intelligence Uni vypracovala svoju <strong>ka\u017edoro\u010dn\u00fa spr\u00e1vu o mest\u00e1ch s najlep\u0161ou kvalitou \u017eivota za rok 2023,<\/strong> informuje Forbes. Pod\u013ea rozli\u010dn\u00fdch krit\u00e9ri\u00ed sa hodnotilo 173 miest, pri\u010dom k\u013e\u00fa\u010dov\u00e9 faktory pozost\u00e1vali zo zdravotnej starostlivosti, vzdelania, stability, infra\u0161trukt\u00fary a \u017eivotn\u00e9ho prostredia.<\/p>\n<h3>Ob\u013e\u00faben\u00e1 eur\u00f3pska destin\u00e1cia dominuje na prvom mieste<\/h3>\n<p>Metropoly Eur\u00f3pskej \u00fanie maj\u00fa svoje \u010daro, o \u010dom sved\u010d\u00ed aj prv\u00e1 prie\u010dka rebr\u00ed\u010dku, na ktorej sa umiestnila rak\u00faska Viede\u0148. Svoje prvenstvo si obh\u00e1jila u\u017e po nieko\u013ek\u00fdkr\u00e1t, pri\u010dom svojim obyvate\u013eom pon\u00faka <strong>nad\u0161tandardn\u00e9 podmienky na \u017eivot.<\/strong><\/p>\n<p>Nielen\u017ee jej s\u00fa\u010das\u0165ou s\u00fa <strong>kvalitne vybudovan\u00e9 zdravotn\u00edcke a vzdel\u00e1vacie zariadenia,<\/strong> p\u00fd\u0161i\u0165 sa m\u00f4\u017ee aj so svojou infra\u0161trukt\u00farou \u010di podmienkami na kult\u00faru. Nasved\u010duje tomu aj jej hist\u00f3ria, nako\u013eko v roku 1873 sa v\u010faka Svetovej v\u00fdstave vo Viedni stala glob\u00e1lnym kult\u00farnym centrom.<\/p>\n Eur\u00f3pske metropoly pon\u00fakaj\u00fa jedny z najkvalitnej\u0161\u00edch podmienok na \u017eivot. Zdroj: pexels.com\n<p>Vhodn\u00e9 podmienky m\u00e1 aj pre cestovn\u00fd ruch, \u010d\u00edm pri\u0165ahuje mno\u017estvo turistov. Aj na z\u00e1klade toho sa na jej \u00fazem\u00ed otvorilo mnoho hotelov, re\u0161taur\u00e1ci\u00ed a kaviarn\u00ed, aby uspokojila po\u017eiadavky turistickej komunity. Jednu z jej siln\u00fdch str\u00e1nok tvor\u00ed dokonca aj viedensk\u00e1 kaviarensk\u00e1 kult\u00fara, <strong>ktor\u00e1 sa stala s\u00fa\u010das\u0165ou zoznamu nehmotn\u00e9ho kult\u00farneho dedi\u010dstva UNESCO.<\/strong><\/p>\n<p>Ka\u017ed\u00e1 minca m\u00e1 v\u0161ak dve strany a aj tejto ob\u013e\u00fabenej eur\u00f3pskej destin\u00e1cii sa vytklo jedno negat\u00edvum. S\u00edce z\u00edskala <strong>ocenenie za svoju dlhoro\u010dn\u00fa stabilitu,<\/strong> aj cez to stratila nieko\u013eko bodov v kateg\u00f3rii ve\u013ek\u00fdch \u0161portov\u00fdch podujat\u00ed.<\/p>\n<h3>Ako s\u00fa na tom ostatn\u00e9 mest\u00e1?<\/h3>\n<p><strong>Eur\u00f3pa obsadila aj druh\u00e9 miesto,<\/strong> ktor\u00e9 z\u00edskala d\u00e1nska Koda\u0148. Obh\u00e1jila si ho najm\u00e4 kv\u00f4li svojej priate\u013eskosti a miere \u0161\u0165astia svojich obyvate\u013eov.<\/p>\n<p>Ako tretie a \u0161tvrt\u00e9 sa umiestnili austr\u00e1lske mest\u00e1 Melbourne a Sydney. V \u0161tatistike nezaost\u00e1vala ani Kanada, pri\u010dom <strong>v top 10 sa umiestnili Calgary, Vancouver a Toronto.<\/strong><\/p>\n<p>V pr\u00edpade eur\u00f3pskych miest v prvej desiatke dominovalo aj \u0160vaj\u010diarsko, <strong>ktor\u00e9 reprezentovali Z\u00fcrich a \u017deneva.<\/strong><\/p>\n<p>\u0160t\u00fadia \u010falej uv\u00e1dza, \u017ee <strong>kvalita \u017eivota vo svetov\u00fdch mest\u00e1ch je v roku 2023 lep\u0161ia v porovnan\u00ed s posledn\u00fdmi 15 rokmi.<\/strong> Priemern\u00fd index meran\u00fdch kraj\u00edn bol 76,2 zo 100, pri\u010dom tento rok bol z neho pre trvaj\u00faci vojnov\u00fd konflikt vy\u0148at\u00fd ukrajinsk\u00fd Kyjev.<\/p>\n Viede\u0148 sa v rebr\u00ed\u010dku zoh\u013ead\u0148uj\u00facom kvalitu \u017eivota obyvate\u013eov umiestnila u\u017e po nieko\u013ek\u00fdkr\u00e1t na prvej prie\u010dke. Zdroj: pexels.com\n<p>Rebr\u00ed\u010dek v\u0161ak vykazuje omnoho men\u0161iu stabilitu, a to nielen v d\u00f4sledku vojny. Soci\u00e1lne nepokojne v mnoh\u00fdch pr\u00edpadoch zohr\u00e1vaj\u00fa aj ekonomicko-soci\u00e1lne faktory v podobe infl\u00e1cie a nespokojnosti s pracovn\u00fdmi podmienkami, \u010do vedie k protestom a \u0161trajkom. Ako pr\u00edklad bolo uveden\u00e9 Franc\u00fazsko, v ktorom sa odohr\u00e1vaj\u00fa <strong>protesty proti d\u00f4chodkov\u00fdm reform\u00e1m.<\/strong><\/p>\n<p>Vo v\u0161eobecnosti eur\u00f3pske mest\u00e1 klesli v rebr\u00ed\u010dku najviac za posledn\u00e9 roky. <strong>Jedn\u00fdm z pr\u00edkladov je Lond\u00fdn, ktor\u00fd klesol o 12 miest a\u017e na 46. poz\u00edciu.<\/strong> Za t\u00fdmto poklesom v\u0161ak nest\u00e1li zhor\u0161en\u00e9 podmienky na \u017eivot, ale polep\u0161enie v\u00fdsledkov miest v okol\u00ed \u00e1zijsko-pacifickej oblasti.<\/p>\n<p>Na najni\u017e\u0161\u00edch prie\u010dkach sa umiestnili Al\u017e\u00edr, Tripolis a Damask, na ktor\u00fdch \u00fazemiach panuj\u00fa dlhodob\u00e9 nepokoje.<\/p>\n<h3>Kvalita \u017eivota v slovensk\u00fdch mest\u00e1ch<\/h3>\n<p>Ako sme uviedli v na\u0161om predch\u00e1dzaj\u00facom \u010dl\u00e1nku, podobn\u00e9 \u00fadaje v minulosti zverejnil aj prieskum Eur\u00f3pskej komisie. Zameral sa na kvalitu \u017eivota jednotliv\u00fdch eur\u00f3pskych miest, pri\u010dom v rebr\u00ed\u010dku dominovala najm\u00e4 severn\u00e1 Eur\u00f3pa. <strong>V priebehu posledn\u00fdch rokov sa v\u0161ak \u017eivot zlep\u0161uje aj na \u00fazem\u00ed v\u00fdchodoeur\u00f3pskych oblast\u00ed.<\/strong><\/p>\n<p>V pr\u00edpade Slovenska sa v\u00fdskum zameral na na\u0161e dve najv\u00e4\u010d\u0161ie mest\u00e1 &#8211; Bratislavu a Ko\u0161ice. Prieskumu sa z\u00fa\u010dastnilo 1 400 respondentov \u017eij\u00facich na ich \u00fazem\u00ed. K \u017eivotu v Bratislave, ktor\u00e1 je zn\u00e1ma aj ako na\u0161e hlavn\u00e9 mesto, sa priklonilo viac ako 91 % op\u00fdtan\u00fdch. <strong>Spokojnos\u0165 so \u017eivotom v Ko\u0161iciach vyjadrilo naopak a\u017e 94 % \u013eud\u00ed.<\/strong><\/p>\n Kvalita \u017eivota sa zlep\u0161ila aj v Bratislave a Ko\u0161iciach. Zdroj: pexels.com\n<p>Na \u00fazem\u00ed Eur\u00f3pskej \u00fanie \u017eije v mest\u00e1ch celkovo 40 % popul\u00e1cie. Pod\u013ea v\u00fdsledkov z \u0161tatist\u00edk je<strong> so \u017eivotom v meste spokojn\u00fdch a\u017e 90 % Eur\u00f3panov.<\/strong> S\u00edce sa to na prv\u00fd poh\u013ead nezd\u00e1, mestsk\u00e9 oblasti maj\u00fa men\u0161\u00ed negat\u00edvny vplyv na zmenu kl\u00edmy v porovnan\u00ed s predmestsk\u00fdmi \u0161tvr\u0165ami. M\u00f4\u017ee za to najm\u00e4 men\u0161ia frekventovanos\u0165 \u00e1ut, nako\u013eko \u017eivot v centre mesta zah\u0155\u0148a bl\u00edzkos\u0165 viacer\u00fdch d\u00f4le\u017eit\u00fdch in\u0161tit\u00faci\u00ed.<\/p>","protected":false},"excerpt":{"rendered":"<p>Pri v\u00fdbere vhodn\u00e9ho miesta na \u017eivot zoh\u013ead\u0148ujeme viacero faktorov. Mlad\u00e9 rodiny maj\u00fa z\u00e1ujem o lokality, v ktor\u00fdch s\u00fa dostupn\u00e9 viacer\u00e9 in\u0161tit\u00facie zabezpe\u010duj\u00face kvalitn\u00e9 vzdelanie \u010di<\/p>","protected":false},"author":1,"featured_media":0,"comment_status":"closed","ping_status":"closed","sticky":false,"template":"","format":"standard","meta":{"footnotes":""},"categories":[51],"tags":[],"class_list":["post-8362","post","type-post","status-publish","format-standard","hentry","category-archiv","two-columns"],"_links":{"self":[{"href":"https:\/\/instrid.sk\/en\/wp-json\/wp\/v2\/posts\/8362","targetHints":{"allow":["GET"]}}],"collection":[{"href":"https:\/\/instrid.sk\/en\/wp-json\/wp\/v2\/posts"}],"about":[{"href":"https:\/\/instrid.sk\/en\/wp-json\/wp\/v2\/types\/post"}],"author":[{"embeddable":true,"href":"https:\/\/instrid.sk\/en\/wp-json\/wp\/v2\/users\/1"}],"replies":[{"embeddable":true,"href":"https:\/\/instrid.sk\/en\/wp-json\/wp\/v2\/comments?post=8362"}],"version-history":[{"count":0,"href":"https:\/\/instrid.sk\/en\/wp-json\/wp\/v2\/posts\/8362\/revisions"}],"wp:attachment":[{"href":"https:\/\/instrid.sk\/en\/wp-json\/wp\/v2\/media?parent=8362"}],"wp:term":[{"taxonomy":"category","embeddable":true,"href":"https:\/\/instrid.sk\/en\/wp-json\/wp\/v2\/categories?post=8362"},{"taxonomy":"post_tag","embeddable":true,"href":"https:\/\/instrid.sk\/en\/wp-json\/wp\/v2\/tags?post=8362"}],"curies":[{"name":"wp","href":"https:\/\/api.w.org\/{rel}","templated":true}]}}