{"id":8405,"date":"2023-08-06T00:00:00","date_gmt":"2023-08-05T23:00:00","guid":{"rendered":"https:\/\/instrid.sk\/uncategorized\/fajcenie-a-spolocnost\/"},"modified":"2023-08-06T00:00:00","modified_gmt":"2023-08-05T23:00:00","slug":"fajcenie-a-spolocnost","status":"publish","type":"post","link":"https:\/\/instrid.sk\/en\/archiv\/fajcenie-a-spolocnost\/","title":{"rendered":"Na Slovensku faj\u010d\u00ed viac ako p\u00e4tina popul\u00e1cie, faj\u010di\u0165 sa za\u010d\u00edna v \u010doraz ni\u017e\u0161om veku"},"content":{"rendered":"<p>Aj cez to, \u017ee spolo\u010dnos\u0165 je informovan\u00e1 oh\u013eadom negat\u00edvnych dopadoch faj\u010denia, <strong>po\u010det faj\u010diarov ka\u017edoro\u010dne st\u00fapa.<\/strong> Mnoh\u00e9 krajiny sa sna\u017eia s t\u00fdmto zlozvykom bojova\u0165 prostredn\u00edctvom zvy\u0161ovania dan\u00ed z tabakov\u00fdch v\u00fdrobkov. V\u00fdnimku netvor\u00ed ani Slovensko, nako\u013eko cigarety m\u00f4\u017eu by\u0165 po schv\u00e1len\u00ed nov\u00e9ho z\u00e1kona op\u00e4\u0165 drah\u0161ie.<\/p>\n<p>Ako uv\u00e1dza port\u00e1l RTVS, <strong>Ministerstvo financi\u00ed Slovenskej republiky pripravuje novelu z\u00e1kona o spotrebnej dani z tabakov\u00fdch v\u00fdrobkov.<\/strong> To, o ko\u013eko sa m\u00f4\u017ee nav\u00fd\u0161i\u0165 ich cena nie je zatia\u013e zn\u00e1me. Viac inform\u00e1ci\u00ed by sme mali dosta\u0165 v septembri tohto roku, pri\u010dom ministerstvo v s\u00fa\u010dasnosti zis\u0165uje n\u00e1zor odbornej a laickej verejnosti.<\/p>\n<p>Dalo by sa poveda\u0165, \u017ee ide o krok vpred, nako\u013eko <strong>uveden\u00e1 da\u0148 je prezentovan\u00e1 ako s\u00fa\u010das\u0165 zdravotnej politiky.<\/strong> Na z\u00e1klade toho by peniaze z nej mali smerova\u0165 na boj proti faj\u010deniu. Av\u0161ak pod\u013ea In\u0161tit\u00fatu ekonomick\u00fdch a spolo\u010densk\u00fdch anal\u00fdz cie\u013eom ministerstva financi\u00ed je len zv\u00fd\u0161i\u0165 v\u0161eobecn\u00e9 da\u0148ov\u00e9 pr\u00edjmy.<\/p>\n<p>Dlhodob\u00fdm pozit\u00edvnym pr\u00edkladom zdravotnej politiky je Kanada, ktor\u00e1 sa sna\u017e\u00ed u\u017e nieko\u013eko rokov zni\u017eova\u0165 po\u010det faj\u010diarov.<strong> V roku 2000 sa stala prvou krajinou, ktor\u00e1 nariadila grafick\u00e9 varovania na \u0161katu\u013ek\u00e1ch cigariet,<\/strong> p\u00ed\u0161e port\u00e1l ScienceAlert. V m\u00e1ji uviedla nov\u00e9 nariadenie, ktor\u00e9 zah\u0155\u0148a, aby ka\u017ed\u00e1 cigareta obsahovala individu\u00e1lne zdravotn\u00e9 varovanie.<\/p>\n<h3>Dlhodob\u00fd boj proti z\u00e1vislostiam<\/h3>\n<p>Kanada by mohla by\u0165 pr\u00edkladom v boji proti z\u00e1vislostiam mnoh\u00fdm krajin\u00e1m. Av\u0161ak aj cez to <strong>pod\u013ea vl\u00e1dnych \u00fadajov tabak ka\u017edoro\u010dne na\u010falej zab\u00edja 48 000 Kana\u010fanov.<\/strong> Z\u00e1rove\u0148 takmer polovica n\u00e1kladov na zdravotn\u00fa starostlivos\u0165 v krajine s\u00favis\u00ed s u\u017e\u00edvan\u00edm n\u00e1vykov\u00fdch l\u00e1tok.<\/p>\n<p>Kanada v\u0161ak na\u010falej pl\u00e1nuje bojova\u0165 proti faj\u010deniu, pri\u010dom <strong>cie\u013eom Ottawy je do roku 2035 zn\u00ed\u017ei\u0165 po\u010det faj\u010diarov v krajine zo s\u00fa\u010dasn\u00fdch 13 percent na p\u00e4\u0165 percent popul\u00e1cie.<\/strong><\/p>\n Faj\u010denie m\u00e1 negat\u00edvny dopad aj na \u017eivotn\u00e9 prostredie. Zdroj: pexels.com\n<p>Jedn\u00fdm z rie\u0161en\u00ed je, \u017ee dlh\u00e9 cigarety, ktor\u00e9 maj\u00fa v priemere 84 milimetrov, bud\u00fa do roka dostupn\u00e9 v obchodoch s nov\u00fdmi individu\u00e1lnymi etiketami. <strong>V pr\u00edpade cigariet v be\u017enej ve\u013ekosti m\u00e1 nov\u00e9 nariadenie pr\u00eds\u0165 do platnosti za\u010diatkom roku 2025.<\/strong><\/p>\n<h3>Narastaj\u00faci po\u010det faj\u010diarov na Slovensku<\/h3>\n<p>S\u00edce sa faj\u010denie pova\u017euje za jednu z najv\u00e4\u010d\u0161\u00edch zdravotn\u00fdch hrozieb, po\u010det faj\u010diarov na Slovensku po\u010das minul\u00e9ho roka zna\u010dne pribudol. \u0160tatistika vykazuje, \u017ee <strong>na na\u0161om \u00fazem\u00ed faj\u010d\u00ed viac ako p\u00e4tina popul\u00e1cie,<\/strong> informuje port\u00e1l RTVS.<\/p>\n<p><strong>Na z\u00e1klade toho sa ka\u017ed\u00fd rok 31. m\u00e1ja, ktor\u00fd je zn\u00e1my ako Svetov\u00fd de\u0148 bez tabaku, upriamuje pozornos\u0165 na \u0161kodlivos\u0165 tabakov\u00fdch v\u00fdrobkov.<\/strong> Tento rok v s\u00favislosti s t\u00fdmto d\u0148om mohli Slov\u00e1ci, ktor\u00ed chceli presta\u0165 faj\u010di\u0165, nav\u0161t\u00edvi\u0165 poradne \u00faradov verejn\u00e9ho zdravotn\u00edctva.<\/p>\n<p>Pod\u013ea Svetovej zdravotn\u00edckej organiz\u00e1cie tabak ka\u017edoro\u010dne zabije a\u017e osem mili\u00f3nov \u013eud\u00ed. Dan\u00e9 \u00famrtia s\u00fa sp\u00f4soben\u00e9 cel\u00fdm radom z\u00e1va\u017en\u00fdch zdravotn\u00fdch \u0165a\u017ekost\u00ed, pri\u010dom <strong>na prvom mieste s\u00fa n\u00e1dorov\u00e9 ochorenia.<\/strong> Po nich nasleduj\u00fa probl\u00e9my s doln\u00fdmi d\u00fdchac\u00edmi cestami \u010di srdcovocievne ochorenia.<\/p>\n Faj\u010denie prispieva ku vzniku mnoh\u00fdch z\u00e1va\u017en\u00fdch ochoren\u00ed. Zdroj: pexels.com\n<p>\u010eal\u0161\u00edm negat\u00edvnym fenom\u00e9nom je aj to, \u017ee s faj\u010den\u00edm v s\u00fa\u010dasnosti za\u010d\u00ednaj\u00fa mlad\u00ed \u013eudia \u010doraz v ni\u017e\u0161om veku. <strong>Zv\u00e4\u010d\u0161a ide o vek okolo 12 a\u017e 15 rokov,<\/strong> kedy je organizmus malolet\u00fdch e\u0161te st\u00e1le vo v\u00fdvoji.<\/p>\n<p>Z\u00e1rove\u0148 Svetov\u00e1 zdravotn\u00edcka organiz\u00e1cia poukazuje aj na to, \u017ee <strong>tabakov\u00fd priemysel svojimi pestovate\u013esk\u00fdmi z\u00e1sahmi prispieva ku glob\u00e1lnej pestovate\u013eskej kr\u00edze.<\/strong> Aj preto sme si tento rok Svetov\u00fd de\u0148 bez tabaku pripomenuli kampa\u0148ou s heslom &#8211; \u201ePestujte potraviny, nie tabak\u201c.<\/p>\n<h3>Porovnanie s eur\u00f3pskymi \u0161tatistikami<\/h3>\n<p>Ako uv\u00e1dza port\u00e1l Brainee, <strong>Slovensko v porovnan\u00ed so susedn\u00fdm \u010ceskom vykazuje v\u00e4\u010d\u0161\u00ed po\u010det faj\u010diarov a faj\u010diarok.<\/strong> Av\u0161ak v pr\u00edpade krajiny, ktor\u00e1 v Eur\u00f3pe najviac holduje cigaret\u00e1m, prv\u00fa prie\u010dku obsadilo Bulharsko. Z h\u013eadiska \u0161tatist\u00edk tam faj\u010d\u00ed a\u017e 28,2 percent obyvate\u013estva.<\/p>\n<p>Vo \u0160v\u00e9dsku faj\u010d\u00ed naopak najmenej obyvate\u013eov, pri\u010dom \u010d\u00edseln\u00e9 hodnoty predstavuj\u00fa len 9,3 percenta. Jednou z anom\u00e1li\u00ed je v\u0161ak to, \u017ee na jeho \u00fazem\u00ed faj\u010d\u00ed viac \u017eien ne\u017e mu\u017eov, nako\u013eko <strong>v priemernom zrovnan\u00ed v\u00fdpo\u010dty vykazuj\u00fa viac faj\u010diarov.<\/strong><\/p>\n<p>Faj\u010denie predstavuje obrovsk\u00fa v\u00fdzvu nielen pre na\u0161e zdravie, ale aj \u017eivotn\u00e9 prostredie. \u0160panielsko, v ktorom faj\u010d\u00ed 23,1 percent obyvate\u013estva, sa s t\u00fdmto probl\u00e9mom vysporiadalo naozaj svojsky. V s\u00falade so smernicou E\u00da Gren Deal prijalo z\u00e1kon, ktor\u00fd tabakov\u00fdm spolo\u010dnostiam prikazuje uhr\u00e1dza\u0165 n\u00e1klady spojen\u00e9 s \u010disten\u00edm ohorkov z cigariet na verejnom priestranstve. <strong>Z\u00e1rove\u0148 spolo\u010dnosti bud\u00fa musie\u0165 zodpoveda\u0165 aj za vzdel\u00e1vanie verejnosti, aby \u013eudia za sebou nezanech\u00e1vali odpad z tabakov\u00fdch v\u00fdrobkov.<\/strong><\/p>\n V s\u00fa\u010dasnosti \u013eudia za\u010d\u00ednaj\u00fa faj\u010di\u0165 v \u010doraz ni\u017e\u0161om veku. Zdroj: pexels.com\n<p>V\u00fdnimku netvoria ani elektronick\u00e9 cigarety, ktor\u00e9 s\u00fa v s\u00fa\u010dasnosti zn\u00e1me ako \u201ezdrav\u0161ia\u201c verzia faj\u010denia. <strong>Av\u0161ak pod\u013ea zisten\u00ed ned\u00e1vnej \u0161t\u00fadie nemo\u017eno ur\u010di\u0165, ak\u00fd dopad maj\u00fa v skuto\u010dnosti pre d\u00fdchac\u00ed syst\u00e9m. <\/strong><\/p>\n<p>Svetov\u00e1 zdravotn\u00edcka organiz\u00e1cia pozornos\u0165 upriamuje predov\u0161etk\u00fdm na takzvan\u00e9 e-liquidy, ktor\u00e9 sa v uveden\u00fdch cigaret\u00e1ch pou\u017e\u00edvaj\u00fa ako n\u00e1plne. Mnoh\u00e9 z nich obsahuj\u00fa r\u00f4zne pr\u00edsady v podobe pr\u00edchut\u00ed, ktor\u00e9 <strong>m\u00f4\u017eu by\u0165 pre \u013eudsk\u00fd organizmus toxick\u00e9.<\/strong><\/p>\n<p>Tomuto novodob\u00e9mu trendu pod\u013eahlo najm\u00e4 Franc\u00fazsko, <strong>v ktorom vapuje 6,6 percent obyvate\u013eov.<\/strong> U Slov\u00e1kov ide o 1,2 percent jedincov.<\/p>","protected":false},"excerpt":{"rendered":"<p>Aj cez to, \u017ee spolo\u010dnos\u0165 je informovan\u00e1 oh\u013eadom negat\u00edvnych dopadoch faj\u010denia, po\u010det faj\u010diarov ka\u017edoro\u010dne st\u00fapa. Mnoh\u00e9 krajiny sa sna\u017eia s t\u00fdmto zlozvykom bojova\u0165 prostredn\u00edctvom zvy\u0161ovania<\/p>","protected":false},"author":1,"featured_media":0,"comment_status":"closed","ping_status":"closed","sticky":false,"template":"","format":"standard","meta":{"footnotes":""},"categories":[51],"tags":[],"class_list":["post-8405","post","type-post","status-publish","format-standard","hentry","category-archiv","two-columns"],"_links":{"self":[{"href":"https:\/\/instrid.sk\/en\/wp-json\/wp\/v2\/posts\/8405","targetHints":{"allow":["GET"]}}],"collection":[{"href":"https:\/\/instrid.sk\/en\/wp-json\/wp\/v2\/posts"}],"about":[{"href":"https:\/\/instrid.sk\/en\/wp-json\/wp\/v2\/types\/post"}],"author":[{"embeddable":true,"href":"https:\/\/instrid.sk\/en\/wp-json\/wp\/v2\/users\/1"}],"replies":[{"embeddable":true,"href":"https:\/\/instrid.sk\/en\/wp-json\/wp\/v2\/comments?post=8405"}],"version-history":[{"count":0,"href":"https:\/\/instrid.sk\/en\/wp-json\/wp\/v2\/posts\/8405\/revisions"}],"wp:attachment":[{"href":"https:\/\/instrid.sk\/en\/wp-json\/wp\/v2\/media?parent=8405"}],"wp:term":[{"taxonomy":"category","embeddable":true,"href":"https:\/\/instrid.sk\/en\/wp-json\/wp\/v2\/categories?post=8405"},{"taxonomy":"post_tag","embeddable":true,"href":"https:\/\/instrid.sk\/en\/wp-json\/wp\/v2\/tags?post=8405"}],"curies":[{"name":"wp","href":"https:\/\/api.w.org\/{rel}","templated":true}]}}