{"id":8452,"date":"2023-09-03T00:00:00","date_gmt":"2023-09-02T23:00:00","guid":{"rendered":"https:\/\/instrid.sk\/uncategorized\/mladistvi-a-fajcenie\/"},"modified":"2023-09-03T00:00:00","modified_gmt":"2023-09-02T23:00:00","slug":"mladistvi-a-fajcenie","status":"publish","type":"post","link":"https:\/\/instrid.sk\/en\/archiv\/mladistvi-a-fajcenie\/","title":{"rendered":"Mladistv\u00ed za\u010d\u00ednaj\u00fa faj\u010di\u0165 v \u010doraz ni\u017e\u0161om veku. \u0160t\u00fadia odha\u013euje jednoduch\u00fa pr\u00ed\u010dinu, pre\u010do tomu tak je"},"content":{"rendered":"<p>Faj\u010denie patr\u00ed k jednej z najv\u00e4\u010d\u0161\u00edch hrozieb pre verejn\u00e9 zdravie. Zdravotn\u00e9 \u0165a\u017ekosti nepostihuj\u00fa len akt\u00edvnych faj\u010diarov, ale aj pas\u00edvnych, ktor\u00ed s\u00fa pravidelne vystavovan\u00ed cigaretov\u00e9mu dymu. Av\u0161ak aj napriek tomu <strong>mnoh\u00e9 eur\u00f3pske krajiny vykazuj\u00fa vysok\u00fd po\u010det faj\u010diarov<\/strong>, pri\u010dom v\u00fdnimku netvor\u00ed ani Slovensko.<\/p>\n<p>S\u00edce v priebehu minul\u00fdch rokov po\u010det faj\u010diarov na Slovensku klesol, pod\u013ea najnov\u0161\u00edch \u00fadajov sme sa za posledn\u00fd rok zhor\u0161ili, uv\u00e1dza webov\u00e1 str\u00e1nka Nemocnice AGEL vo Zvolene. <strong>Po\u010det Slov\u00e1kov, ktor\u00ed faj\u010dia, vzr\u00e1stol na 21,2 %.<\/strong> V praxi ide o viac ako 1 150 000 akt\u00edvnych faj\u010diarov.<\/p>\n<p>Ako sme informovali v na\u0161om predo\u0161lom \u010dl\u00e1nku, v s\u00fa\u010dasnosti sa za\u010d\u00edna faj\u010di\u0165 v \u010doraz ni\u017e\u0161om veku. <strong>Zv\u00e4\u010d\u0161a ide o vek okolo 12 a\u017e 15 rokov<\/strong>, kedy s\u00fa mladistv\u00ed e\u0161te st\u00e1le vo v\u00fdvoji. Na z\u00e1klade toho m\u00f4\u017ee faj\u010denie pre nich prin\u00e1\u0161a\u0165 e\u0161te v\u00e4\u010d\u0161ie hrozby, ktor\u00e9 m\u00f4\u017eu zanecha\u0165 dlhodob\u00e9 n\u00e1sledky.<\/p>\n<h3>Pravdepodobnos\u0165 faj\u010denia u mladistv\u00fdch<\/h3>\n<p>Mnoho mlad\u00fdch \u013eud\u00ed si neuvedomuje problematiku faj\u010denia. <strong>Nielen\u017ee je jednou z hlavn\u00fdch pr\u00ed\u010din v\u00fdskytu rakoviny, z\u00e1rove\u0148 sa sp\u00e1ja s vysok\u00fdm rizikom z\u00e1vislosti.<\/strong> Ako ale k z\u00e1vislosti na n\u00e1vykov\u00fdch l\u00e1tkach doch\u00e1dza? Jeden z najnov\u0161\u00edch v\u00fdskumov prin\u00e1\u0161a potenci\u00e1lnu odpove\u010f.<\/p>\n<p>Ako p\u00ed\u0161e port\u00e1l ScienceAlert, jeho prv\u00fd krok pozost\u00e1val z porovnania skenov mozgu prostredn\u00edctvom magnetickej rezonancie. I\u0161lo o vzorku v podobe viac ako 800 \u013eud\u00ed, ktor\u00ed poch\u00e1dzali preva\u017ene zo Spojen\u00e9ho kr\u00e1\u013eovstva, Nemecka, Franc\u00fazska a \u00cdrska. Jeho s\u00fa\u010das\u0165ou bola aj \u010das\u0165 vo forme dotazn\u00edka, <strong>v ktorej dobrovo\u013en\u00edci odpovedali na ot\u00e1zky o osobnostn\u00fdch \u010drt\u00e1ch.<\/strong><\/p>\n V s\u00fa\u010dasnosti sa za\u010d\u00edna faj\u010di\u0165 v \u010doraz ni\u017e\u0161om veku. Zdroj: pexels.com\n<p><strong>Na z\u00e1klade zisten\u00fdch poznatkov vedci porovnali skupinu \u013eud\u00ed, ktor\u00ed za\u010dali faj\u010di\u0165 vo veku 14 rokov, s nefaj\u010diarmi.<\/strong> Nesk\u00f4r sa dan\u00fd proces zopakoval op\u00e4\u0165 s rovnak\u00fdmi pacientmi, av\u0161ak u\u017e vo veku 19 a 23 rokov.<\/p>\n<p>Zo sk\u00famania vypl\u00fdva, \u017ee <strong>u \u013eud\u00ed, ktor\u00ed za\u010dali faj\u010di\u0165 vo veku 14 rokov, sa preuk\u00e1zali men\u0161ie hodnoty sivej hmoty v \u013eavom ventromedi\u00e1lnom prefront\u00e1lnom kortexe,<\/strong> ktor\u00fd je zn\u00e1my ako k\u013e\u00fa\u010dov\u00e1 oblas\u0165 pre horm\u00f3ny \u0161\u0165astia v podobe dopam\u00ednu. Z\u00e1rove\u0148 o p\u00e4\u0165 rokov nesk\u00f4r v\u00fdskum pouk\u00e1zal na to, \u017ee faj\u010diari vykazuj\u00fa men\u0161ie hodnoty aj v opa\u010dnej \u010dasti tej istej oblasti mozgu.<\/p>\n<p><strong>Faktor zvy\u0161uj\u00faci pravdepodobnos\u0165 faj\u010denia v t\u00edned\u017eerskom veku sa d\u00e1 vysvetli\u0165 aj ako h\u013eadanie nov\u00fdch sk\u00fasenost\u00ed, \u010do sa sp\u00e1ja so zn\u00ed\u017een\u00edm sivej hmoty v \u013eavej \u010dasti mozgu.<\/strong> V praxi ide o spr\u00e1vanie s ni\u017e\u0161\u00edmi z\u00e1branami, \u010do vedie k vy\u0161\u0161ej miere riskovania.<\/p>\n<p>Nesk\u00f4r faj\u010diari poci\u0165uj\u00fa nadmern\u00fa stratu sivej hmoty v prav\u00fdch predn\u00fdch lalokoch, \u010do s\u00favis\u00ed u\u017e so vznikom z\u00e1vislosti. Na z\u00e1klade tohto sk\u00famania m\u00f4\u017ee \u00eds\u0165 o model, <strong>ako doch\u00e1dza k faj\u010deniu u mladistv\u00fdch, ktor\u00e9 naber\u00e1 podobu z\u00e1vislosti.<\/strong><\/p>\n<h3>Faktor ovplyv\u0148uj\u00faci z\u00e1vislos\u0165<\/h3>\n<p><strong>V\u00fdskum sa zameral aj na popul\u00e1ciu, ktor\u00e1 za\u010dala faj\u010di\u0165 v 19. roku \u017eivota.<\/strong> Vo veku 14 rokov sa u nich tie\u017e zaznamenalo menej sivej hmoty v \u013eavej prefront\u00e1lnej k\u00f4re. Rozdiel sa nach\u00e1dzal v pravej strane, ktor\u00e1 bola rovnak\u00e1 ako u nefaj\u010diarov, k\u00fdm neza\u010dali faj\u010di\u0165.<\/p>\n<p>Z dan\u00fdch poznatkov vypl\u00fdva, \u017ee zn\u00ed\u017een\u00e1 hmota v \u013eavom laloku sa m\u00f4\u017ee vyzna\u010dova\u0165 aj <strong>ako dedi\u010dn\u00fd biomarker pre \u013eud\u00ed so sklonmi k z\u00e1vislostiam.<\/strong> Na z\u00e1klade toho v\u00fdskumn\u00fd t\u00edm poukazuje na to, \u017ee poskytovanie alternat\u00edvnych odmien v ranom \u0161t\u00e1diu u\u017e\u00edvania l\u00e1tky m\u00f4\u017ee zabr\u00e1ni\u0165 potenci\u00e1lnemu prechodu na z\u00e1vislos\u0165.<\/p>\n U \u013eud\u00ed, ktor\u00ed za\u010dn\u00fa faj\u010di\u0165 v mladom veku, sa vykazuj\u00fa zmeny v nervovej s\u00fastave. Zdroj: pexels.com\n<p><strong>Cie\u013eom \u010fal\u0161ieho sk\u00famania je zisti\u0165, \u010di rovnak\u00e9 v\u00fdsledky platia aj pre vaping,<\/strong> ktor\u00e9mu v s\u00fa\u010dasnosti mladistv\u00ed holduj\u00fa e\u0161te viac ne\u017e be\u017en\u00fdm cigaret\u00e1m.<\/p>\n<h3>Boj proti z\u00e1vislostiam<\/h3>\n<p><strong>Pozit\u00edvnym pr\u00edkladom v boji proti z\u00e1vislostiam by mohla by\u0165 pre mnoh\u00e9 krajiny Kanada.<\/strong> Ako sme v\u0161ak uviedli v spom\u00ednanom \u010dl\u00e1nku, aj napriek dlhodob\u00fdm opatreniam proti faj\u010deniu, tabak ka\u017edoro\u010dne zabije 48 000 Kana\u010fanov.<\/p>\n<p>Av\u0161ak aj napriek tomu sa Kanada nevzd\u00e1va svojej zdravotnej politiky, pri\u010dom <strong>cie\u013eom Ottawy je do roku 2035 zn\u00ed\u017ei\u0165 po\u010det faj\u010diarov v krajine zo s\u00fa\u010dasn\u00fdch 13 percent na p\u00e4\u0165 percent popul\u00e1cie.<\/strong><\/p>\n V priebehu posledn\u00e9ho roku na Slovensku st\u00fapol po\u010det faj\u010diarov. Zdroj: pexels.com\n<p>Prispie\u0165 by malo k tomu rie\u0161enie v podobe toho, \u017ee <strong>dlh\u00e9 cigarety v priemere 84 milimetrov bud\u00fa do roka dostupn\u00e9 v obchodoch len s nov\u00fdmi individu\u00e1lnymi etiketami.<\/strong> V pr\u00edpade cigariet v be\u017enej ve\u013ekosti m\u00e1 nov\u00e9 nariadenie pr\u00eds\u0165 do platnosti za\u010diatkom roka 2025.<\/p>\n<p><strong>U\u017e v minulosti sa Kanada stala prvou krajinou, ktor\u00e1 nariadila grafick\u00e9 varovania na \u0161katu\u013eky cigariet.<\/strong> Najnov\u0161ie nariadenie uviedla v m\u00e1ji tohto roku, pri\u010dom jeho cie\u013eom je dlhodobo zni\u017eova\u0165 po\u010det faj\u010diarov v krajine.<\/p>","protected":false},"excerpt":{"rendered":"<p>Faj\u010denie patr\u00ed k jednej z najv\u00e4\u010d\u0161\u00edch hrozieb pre verejn\u00e9 zdravie. Zdravotn\u00e9 \u0165a\u017ekosti nepostihuj\u00fa len akt\u00edvnych faj\u010diarov, ale aj pas\u00edvnych, ktor\u00ed s\u00fa pravidelne vystavovan\u00ed cigaretov\u00e9mu dymu.<\/p>","protected":false},"author":1,"featured_media":0,"comment_status":"closed","ping_status":"closed","sticky":false,"template":"","format":"standard","meta":{"footnotes":""},"categories":[51],"tags":[],"class_list":["post-8452","post","type-post","status-publish","format-standard","hentry","category-archiv","two-columns"],"_links":{"self":[{"href":"https:\/\/instrid.sk\/en\/wp-json\/wp\/v2\/posts\/8452","targetHints":{"allow":["GET"]}}],"collection":[{"href":"https:\/\/instrid.sk\/en\/wp-json\/wp\/v2\/posts"}],"about":[{"href":"https:\/\/instrid.sk\/en\/wp-json\/wp\/v2\/types\/post"}],"author":[{"embeddable":true,"href":"https:\/\/instrid.sk\/en\/wp-json\/wp\/v2\/users\/1"}],"replies":[{"embeddable":true,"href":"https:\/\/instrid.sk\/en\/wp-json\/wp\/v2\/comments?post=8452"}],"version-history":[{"count":0,"href":"https:\/\/instrid.sk\/en\/wp-json\/wp\/v2\/posts\/8452\/revisions"}],"wp:attachment":[{"href":"https:\/\/instrid.sk\/en\/wp-json\/wp\/v2\/media?parent=8452"}],"wp:term":[{"taxonomy":"category","embeddable":true,"href":"https:\/\/instrid.sk\/en\/wp-json\/wp\/v2\/categories?post=8452"},{"taxonomy":"post_tag","embeddable":true,"href":"https:\/\/instrid.sk\/en\/wp-json\/wp\/v2\/tags?post=8452"}],"curies":[{"name":"wp","href":"https:\/\/api.w.org\/{rel}","templated":true}]}}