{"id":8493,"date":"2023-10-12T00:00:00","date_gmt":"2023-10-11T23:00:00","guid":{"rendered":"https:\/\/instrid.sk\/uncategorized\/je-modre-svetlo-naozaj-skodlive-a-ma-zmysel-filtrovat-ho-okuliarmi\/"},"modified":"2023-10-12T00:00:00","modified_gmt":"2023-10-11T23:00:00","slug":"je-modre-svetlo-naozaj-skodlive-a-ma-zmysel-filtrovat-ho-okuliarmi","status":"publish","type":"post","link":"https:\/\/instrid.sk\/en\/archiv\/je-modre-svetlo-naozaj-skodlive-a-ma-zmysel-filtrovat-ho-okuliarmi\/","title":{"rendered":"Je modr\u00e9 svetlo naozaj \u0161kodliv\u00e9 a m\u00e1 zmysel filtrova\u0165 ho okuliarmi?"},"content":{"rendered":"<p>Po\u010das pand\u00e9mie koronav\u00edrusu n\u00e1\u0161 fyzick\u00fd kontakt nahradil digit\u00e1lny svet. Mnoho \u013eud\u00ed za\u010dalo pracova\u0165 z\u00a0domu a\u00a0deti pre\u0161li z\u00a0lav\u00edc na di\u0161tan\u010dn\u00e9 \u0161t\u00fadium. Pod\u013ea <strong>prieskumu z\u00a0roku 2022<\/strong> sa takmer v\u0161etk\u00fdm zv\u00fd\u0161il \u010das str\u00e1ven\u00fd pred obrazovkou, \u010di\u017ee sme na\u0161e telo vystavovali nadmernou d\u00e1vkou modr\u00e9ho svetla, aj d\u00e1vno po z\u00e1pade Slnka. Vznikli obavy o\u00a0jeho p\u00f4soben\u00ed na n\u00e1\u0161 organizmus, \u010do ve\u013emi \u0161ikovne vyu\u017eili aj marketingov\u00e9 spolo\u010dnosti. Na trhu sa objavili okuliare s\u00a0filtrom na pr\u00e1ve u\u017e spom\u00ednan\u00e9 modr\u00e9 svetlo. Vznik\u00e1 tu teda \u010fal\u0161ia ot\u00e1zka, <strong>dok\u00e1\u017eu n\u00e1s tieto okuliare ochr\u00e1ni\u0165 pred zl\u00fdmi vplyvmi modr\u00e9ho stra\u0161iaka?<\/strong><\/p>\n<p><strong>Po\u010fme si to teda cel\u00e9 zhrn\u00fa\u0165. <\/strong>Ak\u00e9 s\u00fa skuto\u010dn\u00e9 rizik\u00e1 modr\u00e9ho svetla? Za\u010dnime od z\u00e1kladov. Modr\u00e9 svetlo m\u00e1 kr\u00e1tke vlnov\u00e9 d\u013a\u017eky a je silnej\u0161ie ako in\u00e9 farby vidite\u013en\u00e9ho spektra, \u010do ho rob\u00ed efekt\u00edvnym pri stimul\u00e1cii fotoreceptorov v na\u0161ich o\u010diach. Koniec koncov, modr\u00e9 svetlo na n\u00e1s p\u00f4sob\u00ed neust\u00e1le, a to pr\u00e1ve z pr\u00edrodn\u00fdch zdrojov. <strong>Obavy v\u0161ak vznikaj\u00fa z\u00a0nadmern\u00e9ho a\u00a0dlhodob\u00e9ho vystavovania sa jeho p\u00f4sobeniu.<\/strong><\/p>\n<h3>Rizik\u00e1 nadmern\u00e9ho pou\u017e\u00edvania elektronick\u00fdch zariaden\u00ed<\/h3>\n<p>Jednou z\u00a0hlavn\u00fdch ob\u00e1v je jeho <strong>potenci\u00e1lny vplyv na n\u00e1\u0161 sp\u00e1nok<\/strong>. Modr\u00e9 svetlo m\u00f4\u017ee ovplyv\u0148ova\u0165 zasp\u00e1vanie, preto\u017ee potl\u00e1\u010da produkciu horm\u00f3nu melaton\u00ednu, ktor\u00fd reguluje na\u0161u denn\u00fa rytmiku. V\u00fdskumy nazna\u010duj\u00fa, \u017ee <strong>ve\u010dern\u00e9 pou\u017e\u00edvanie elektronick\u00fdch zariaden\u00ed m\u00f4\u017ee vies\u0165 k\u00a0probl\u00e9mom so sp\u00e1nkom a\u00a0naru\u0161eniu biologick\u00fdch hod\u00edn<\/strong>.<\/p>\n Pok\u00faste sa aspo\u0148 hodinu pred sp\u00e1nkom nepou\u017e\u00edva\u0165 smartf\u00f3n ani \u017eiadne in\u00e9 elektronick\u00e9 zariadenie. M\u00f4\u017ee to zlep\u0161i\u0165 jeho kvalitu. ZDROJ: Pexels.com\n<p>\u010eal\u0161ou obavou je <strong>potenci\u00e1lny vplyv modr\u00e9ho svetla na na\u0161e o\u010di<\/strong>. Jeho dlhodob\u00e9 p\u00f4sobenie m\u00f4\u017ee vies\u0165 k <strong>digit\u00e1lnej \u00fanave o\u010d\u00ed<\/strong>, \u010do je s\u00fabor o\u010dn\u00fdch probl\u00e9mov, ako s\u00fa neust\u00e1le such\u00e9, unaven\u00e9 a\u00a0nap\u00e4t\u00e9 o\u010di. A\u00a0pr\u00e1ve zrak je to, \u010do sp\u00f4sobuje najv\u00e4\u010d\u0161ie obavy. M\u00f4\u017eeme si nadmern\u00fdm p\u00f4soben\u00edm modr\u00e9ho svetla \u201epokazi\u0165 o\u010di\u201c?<\/p>\n<h3>Ako to vidia vedci a s\u00fa\u010dasn\u00e9 v\u00fdskumy?<\/h3>\n<p>V\u00a0s\u00fa\u010dasnosti neexistuje takmer \u017eiadny d\u00f4kaz o\u00a0tom, \u017ee by bol d\u00f4vod na obavy. Existuj\u00fa s\u00edce \u0161t\u00fadie, ktor\u00e9 by mohli podporova\u0165 my\u0161lienku, \u017ee n\u00e1m modr\u00e9 svetlo \u0161kod\u00ed, nemo\u017eno ich v\u0161ak pova\u017eova\u0165 sa \u00faplne relevantn\u00e9. Jednou z\u00a0nich je napr\u00edklad \u0161t\u00fadia na potkanoch, ktor\u00e1 uk\u00e1zala, \u017ee <strong>modr\u00e9 svetlo m\u00f4\u017ee po\u0161kodi\u0165 bunky sietnice<\/strong>.<\/p>\n<p>\u0160t\u00fadie sa realizovali \u201e<em>in vitro<\/em>\u201c, \u010di\u017ee mimo prostredia, v\u00a0ktorom sa nie\u010do prirodzene nach\u00e1dza. Potkany s\u00fa no\u010dn\u00e9 tvory a nemusia reagova\u0165 na modr\u00e9 svetlo rovnako ako \u013eudia. <strong>\u0160t\u00fadie na \u013eu\u010foch za realistick\u00fdch podmienok v podstate neexistuj\u00fa<\/strong>, preto\u017ee pou\u017e\u00edvanie LED je relat\u00edvne nov\u00e9. Lek\u00e1ri v s\u00fa\u010dasnosti nevidia ve\u013ea d\u00f4vodov na znepokojenie.<\/p>\n<p>A\u00a0ako to je teda so sp\u00e1nkom? Tu sa objavuj\u00fa o nie\u010do lep\u0161ie d\u00f4kazy na zv\u00e1\u017eenie. Je zn\u00e1me, \u017ee modr\u00e9 svetlo zvy\u0161uje bdelos\u0165 a za ur\u010dit\u00fdch okolnost\u00ed m\u00f4\u017ee zlep\u0161i\u0165 kognit\u00edvne funkcie, najm\u00e4 po\u010das d\u0148a, ke\u010f je dobr\u00e9 by\u0165 v strehu. Existuj\u00fa aj ur\u010dit\u00e9 d\u00f4kazy, \u017ee potl\u00e1\u010da melaton\u00edn, no pr\u00e1ve tu sa m\u00f4\u017eu vkradn\u00fa\u0165 nedorozumenia.<\/p>\n<p>According to <strong>Russella G. Fostera<\/strong>, profesora cirkadi\u00e1lnej neurovedy na Oxfordskej univerzite, <strong>melaton\u00edn nie je sp\u00e1nkov\u00fd horm\u00f3n, ale len ve\u013emi mierny modul\u00e1tor sp\u00e1nku<\/strong>. Neexistuje pod\u013ea neho \u017eiadny d\u00f4kaz, \u017ee napr\u00edklad pou\u017e\u00edvanie filtrov modr\u00e9ho svetla na va\u0161om po\u010d\u00edta\u010di m\u00e1 nejak\u00fd vplyv na cirkadi\u00e1nny syst\u00e9m.<\/p>\n<p>V\u00fdskumn\u00edci vykonali \u0161t\u00fadiu, kde sa dobrovo\u013en\u00edci pozerali na elektronick\u00fa \u010d\u00edta\u010dku pri najvy\u0161\u0161om jase \u0161tyri hodiny, bezprostredne pred span\u00edm. Urobili to p\u00e4\u0165 po sebe id\u00facich noc\u00ed, na konci ktor\u00fdch bol melaton\u00edn potla\u010den\u00fd, no sp\u00e1nok sa oneskoril len o 10 min\u00fat. Pod\u013ea Fostera to m\u00f4\u017ee by\u0165 \u0161tatisticky v\u00fdznamn\u00e9, no biologicky nezmyseln\u00e9. Elektronick\u00e1 \u010d\u00edta\u010dka jednoducho nemala takmer \u017eiadny vplyv na sp\u00e1nok. M\u00f4\u017ee tu v\u0161ak vznika\u0165 aj ot\u00e1zka, ak\u00e9 by tento v\u00fdskum nadobudol v\u00fdsledky, keby sa konal dlh\u0161ie ako len p\u00e4\u0165 noc\u00ed po sebe.<\/p>\n<p>V\u00a0roku 2019 vznikli aj \u010fal\u0161ie \u0161t\u00fadie, ktor\u00e9 nazna\u010duj\u00fa, \u017ee <strong>naru\u0161enie cyklu sp\u00e1nku a bdenia sp\u00f4soben\u00e9 svetlom m\u00f4\u017ee sp\u00f4sobi\u0165 n\u00e1ladovos\u0165 alebo metabolick\u00e9 naru\u0161enie<\/strong>. Hovor\u00edme v\u0161ak o\u00a0vystavovan\u00ed sa svetlu vo v\u0161eobecnosti, nejde teda konkr\u00e9tne o\u00a0modr\u00e9 svetlo.<\/p>\n<h3>Okuliare s filtrom proti modr\u00e9mu svetlu<\/h3>\n<p>A\u00a0\u010do u\u017e spom\u00ednan\u00e9 okuliare s\u00a0filtrom proti modr\u00e9mu svetlu za nemal\u00e9 ceny? Sk\u00faste si pozrie\u0165 napr\u00edklad <strong>Instagram sveteln\u00e9ho experta Hyneka Med\u0159ick\u00e9ho<\/strong>, ktor\u00fd vo svojich vide\u00e1ch dokazuje, \u017ee tak\u00e9to okuliare nefunguj\u00fa, respekt\u00edve filtruj\u00fa len fialov\u00e9 svetlo, ktor\u00e9 v\u0161ak obrazovky nevy\u017earuj\u00fa. Nedok\u00e1\u017eu teda filtrova\u0165 \u017eiarenie modr\u00e9ho svetla.<\/p>\n Pod\u013ea sveteln\u00e9ho experta Hyneka Med\u0159ick\u00e9ho je pre ochranu o\u010d\u00ed a lep\u0161\u00ed sp\u00e1nok v\u00fdhodnej\u0161ie stiahnu\u0165 si softwarov\u00fd filter priamo do v\u00e1\u0161ho zariadenia. ZDROJ: Pexels.com\n<p>Pokia\u013e m\u00e1te obavy z\u00a0modr\u00e9ho svetla, aj napriek tomu, \u017ee s\u00fa\u010dasn\u00e9 \u0161t\u00fadie nedokazuj\u00fa jeho \u0161kodlivos\u0165, sk\u00faste namiesto drah\u00fdch invest\u00edci\u00ed, ktor\u00e9 nefunguj\u00fa rad\u0161ej <strong>vysk\u00fa\u0161a\u0165 tieto \u0161tyri tipy:<\/strong><\/p>\n<ol>\n<li>Pou\u017e\u00edvajte<strong> filtre modr\u00e9ho svetla priamo na svojich elektronick\u00fdch zariadeniach<\/strong>, najm\u00e4 ve\u010der, aby ste minimalizovali jeho vplyv na v\u00e1\u0161 sp\u00e1nok;<\/li>\n<li>Nezab\u00fadajte na<strong> odpo\u010dinok a\u00a0robte si pravideln\u00e9 prest\u00e1vky pri dlhodobom pou\u017e\u00edvan\u00ed elektronick\u00e9ho zariadenia.<\/strong> Upierajte o\u010di na vzdialen\u00e9 objekty, aby ste predi\u0161li \u00fanave o\u010d\u00ed;<\/li>\n<li>Starostlivo zva\u017eujte osvetlenie vo va\u0161om interi\u00e9ri. <strong>V\u00fdber teplej\u0161\u00edch farieb a\u00a0tlmen\u00e9 osvetlenie m\u00f4\u017ee pom\u00f4c\u0165 minimalizova\u0165 p\u00f4sobenie modr\u00e9ho svetla<\/strong>;<\/li>\n<li>Dodr\u017eiavajte <strong>zdrav\u00fd sp\u00e1nkov\u00fd re\u017eim a obmedzujte pou\u017e\u00edvanie elektronick\u00fdch zariaden\u00ed pred sp\u00e1nkom<\/strong>.<\/li>\n<\/ol>\n<blockquote class=\"instagram-media\" style=\"background: #FFF; border: 0; border-radius: 3px; box-shadow: 0 0 1px 0 rgba(0,0,0,0.5),0 1px 10px 0 rgba(0,0,0,0.15); margin: 1px; max-width: 540px; min-width: 326px; padding: 0; width: calc(100% - 2px);\" data-instgrm-captioned=\"\" data-instgrm-permalink=\"https:\/\/www.instagram.com\/reel\/CTCtyXTHosT\/?utm_source=ig_embed&amp;utm_campaign=loading\" data-instgrm-version=\"14\">\n<div style=\"padding: 16px;\">\n<p>&nbsp;<\/p>\n<div style=\"display: flex; flex-direction: row; align-items: center;\">\n<div style=\"background-color: #f4f4f4; border-radius: 50%; flex-grow: 0; height: 40px; margin-right: 14px; width: 40px;\"><\/div>\n<div style=\"display: flex; flex-direction: column; flex-grow: 1; justify-content: center;\">\n<div style=\"background-color: #f4f4f4; border-radius: 4px; flex-grow: 0; height: 14px; margin-bottom: 6px; width: 100px;\"><\/div>\n<div style=\"background-color: #f4f4f4; border-radius: 4px; flex-grow: 0; height: 14px; width: 60px;\"><\/div>\n<\/div>\n<\/div>\n<div style=\"padding: 19% 0;\"><\/div>\n<div style=\"display: block; height: 50px; margin: 0 auto 12px; width: 50px;\"><\/div>\n<div style=\"padding-top: 8px;\">\n<div style=\"color: #3897f0; font-family: Arial,sans-serif; font-size: 14px; font-style: normal; font-weight: 550; line-height: 18px;\">Zobrazi\u0165 tento pr\u00edspevok na Instagrame<\/div>\n<\/div>\n<div style=\"padding: 12.5% 0;\"><\/div>\n<div style=\"display: flex; flex-direction: row; margin-bottom: 14px; align-items: center;\">\n<div>\n<div style=\"background-color: #f4f4f4; border-radius: 50%; height: 12.5px; width: 12.5px; transform: translateX(0px) translateY(7px);\"><\/div>\n<div style=\"background-color: #f4f4f4; height: 12.5px; transform: rotate(-45deg) translateX(3px) translateY(1px); width: 12.5px; flex-grow: 0; margin-right: 14px; margin-left: 2px;\"><\/div>\n<div style=\"background-color: #f4f4f4; border-radius: 50%; height: 12.5px; width: 12.5px; transform: translateX(9px) translateY(-18px);\"><\/div>\n<\/div>\n<div style=\"margin-left: 8px;\">\n<div style=\"background-color: #f4f4f4; border-radius: 50%; flex-grow: 0; height: 20px; width: 20px;\"><\/div>\n<div style=\"width: 0; height: 0; border-top: 2px solid transparent; border-left: 6px solid #f4f4f4; border-bottom: 2px solid transparent; transform: translateX(16px) translateY(-4px) rotate(30deg);\"><\/div>\n<\/div>\n<div style=\"margin-left: auto;\">\n<div style=\"width: 0px; border-top: 8px solid #F4F4F4; border-right: 8px solid transparent; transform: translateY(16px);\"><\/div>\n<div style=\"background-color: #f4f4f4; flex-grow: 0; height: 12px; width: 16px; transform: translateY(-4px);\"><\/div>\n<div style=\"width: 0; height: 0; border-top: 8px solid #F4F4F4; border-left: 8px solid transparent; transform: translateY(-4px) translateX(8px);\"><\/div>\n<\/div>\n<\/div>\n<div style=\"display: flex; flex-direction: column; flex-grow: 1; justify-content: center; margin-bottom: 24px;\">\n<div style=\"background-color: #f4f4f4; border-radius: 4px; flex-grow: 0; height: 14px; margin-bottom: 6px; width: 224px;\"><\/div>\n<div style=\"background-color: #f4f4f4; border-radius: 4px; flex-grow: 0; height: 14px; width: 144px;\"><\/div>\n<\/div>\n<p>&nbsp;<\/p>\n<p style=\"color: #c9c8cd; font-family: Arial,sans-serif; font-size: 14px; line-height: 17px; margin-bottom: 0; margin-top: 8px; overflow: hidden; padding: 8px 0 7px; text-align: center; text-overflow: ellipsis; white-space: nowrap;\">Pr\u00edspevok, ktor\u00fd zdie\u013ea Hynek Medr\u030cicky\u0301 &#8211; Sve\u030ctlar\u030c (@hynekmedricky)<\/p>\n<\/div>\n<\/blockquote>\n<p><script async src=\"\/\/www.instagram.com\/embed.js\"><\/script><br \/>\nZDROJ: https:\/\/www.theguardian.com\/lifeandstyle\/2023\/oct\/01\/should-i-worry-about-blue-light\u00a0<\/p>","protected":false},"excerpt":{"rendered":"<p>Po\u010das pand\u00e9mie koronav\u00edrusu n\u00e1\u0161 fyzick\u00fd kontakt nahradil digit\u00e1lny svet. Mnoho \u013eud\u00ed za\u010dalo pracova\u0165 z\u00a0domu a\u00a0deti pre\u0161li z\u00a0lav\u00edc na di\u0161tan\u010dn\u00e9 \u0161t\u00fadium. Pod\u013ea prieskumu z\u00a0roku 2022 sa<\/p>","protected":false},"author":1,"featured_media":0,"comment_status":"closed","ping_status":"closed","sticky":false,"template":"","format":"standard","meta":{"footnotes":""},"categories":[51],"tags":[],"class_list":["post-8493","post","type-post","status-publish","format-standard","hentry","category-archiv","two-columns"],"_links":{"self":[{"href":"https:\/\/instrid.sk\/en\/wp-json\/wp\/v2\/posts\/8493","targetHints":{"allow":["GET"]}}],"collection":[{"href":"https:\/\/instrid.sk\/en\/wp-json\/wp\/v2\/posts"}],"about":[{"href":"https:\/\/instrid.sk\/en\/wp-json\/wp\/v2\/types\/post"}],"author":[{"embeddable":true,"href":"https:\/\/instrid.sk\/en\/wp-json\/wp\/v2\/users\/1"}],"replies":[{"embeddable":true,"href":"https:\/\/instrid.sk\/en\/wp-json\/wp\/v2\/comments?post=8493"}],"version-history":[{"count":0,"href":"https:\/\/instrid.sk\/en\/wp-json\/wp\/v2\/posts\/8493\/revisions"}],"wp:attachment":[{"href":"https:\/\/instrid.sk\/en\/wp-json\/wp\/v2\/media?parent=8493"}],"wp:term":[{"taxonomy":"category","embeddable":true,"href":"https:\/\/instrid.sk\/en\/wp-json\/wp\/v2\/categories?post=8493"},{"taxonomy":"post_tag","embeddable":true,"href":"https:\/\/instrid.sk\/en\/wp-json\/wp\/v2\/tags?post=8493"}],"curies":[{"name":"wp","href":"https:\/\/api.w.org\/{rel}","templated":true}]}}