{"id":8497,"date":"2023-10-29T00:00:00","date_gmt":"2023-10-28T23:00:00","guid":{"rendered":"https:\/\/instrid.sk\/uncategorized\/zuckerberg-mina-miliardy-aby-odstranil-vsetky-vazne-choroby-dockaju-sa-revolucnej-metody-uz-nase-vnucata\/"},"modified":"2023-10-29T00:00:00","modified_gmt":"2023-10-28T23:00:00","slug":"zuckerberg-mina-miliardy-aby-odstranil-vsetky-vazne-choroby-dockaju-sa-revolucnej-metody-uz-nase-vnucata","status":"publish","type":"post","link":"https:\/\/instrid.sk\/en\/archiv\/zuckerberg-mina-miliardy-aby-odstranil-vsetky-vazne-choroby-dockaju-sa-revolucnej-metody-uz-nase-vnucata\/","title":{"rendered":"Zuckerberg m\u00ed\u0148a miliardy, aby odstr\u00e1nil v\u0161etky v\u00e1\u017ene choroby: Do\u010dkaj\u00fa sa revolu\u010dnej met\u00f3dy u\u017e na\u0161e vn\u00fa\u010dat\u00e1?"},"content":{"rendered":"<p><strong>Mark Zuckerberg a jeho man\u017eelka Priscilla Chan ozn\u00e1mili u\u017e pred nieko\u013ek\u00fdmi rokmi, \u017ee chc\u00fa do vedy a v\u00fdskumu investova\u0165 v\u00e4\u010d\u0161inu svojho majetku. Spolo\u010dn\u00fdmi silami chc\u00fa zbavi\u0165 \u013eudstvo v\u0161etk\u00fdch \u0165a\u017ek\u00fdch ochoren\u00ed. Je to v\u00f4bec re\u00e1lne a kedy by to mohlo fungova\u0165 v praxi?<\/strong><\/p>\n<p>Zuckerbergovo bohatstvo dosiahlo pod\u013ea rebr\u00ed\u010dka agent\u00fary Bloomberg v septembri roka 2021 vrchol na \u00farovni 142 mili\u00e1rd dol\u00e1rov, \u010do ho radilo medzi najbohat\u0161\u00edch \u013eud\u00ed na svete. Hoci prechodom a premenovan\u00edm Facebooku na Metu jeho majetok na ist\u00fd \u010das klesol spolu s cenou akci\u00ed spolo\u010dnosti, u\u017e po nieko\u013ek\u00fdch mesiacoch sa mu v\u0161ak podarilo op\u00e4\u0165 st\u00fapa\u0165 hore.<\/p>\n<p>Turbulencie v jeho ziskoch v\u0161ak ni\u010d nemenia na tom, \u017ee <strong>spolu s man\u017eelkou, pediatri\u010dkou Priscillou Chan, sa u\u017e d\u00e1vnej\u0161ie rozhodli, \u017ee svoje imanie bud\u00fa m\u00ed\u0148a\u0165 na zmyslupln\u00e9 veci.<\/strong> Zakladate\u013e Facebooku sa netaj\u00ed t\u00fdm, \u017ee <strong>jeho pl\u00e1n je in\u0161pirovan\u00fd iniciat\u00edvami miliard\u00e1rov ako Warren Buffett \u010di Bill Gates, ktor\u00ed tie\u017e venovali obrovsk\u00e9 \u010diastky svojho majetku na filantropick\u00e9 \u00fa\u010dely.<\/strong><\/p>\n<h3>Naozaj bude svet bez v\u00e1\u017enych chor\u00f4b?<\/h3>\n<p>Zuckerberg s man\u017eelkou zalo\u017eili e\u0161te v roku 2016 spolo\u010dnos\u0165 Chan Zuckerberg Initiative (CZI), do ktorej <strong>v priebehu desiatich rokoch pl\u00e1nuj\u00fa investova\u0165 viac ako 3 miliardy americk\u00fdch dol\u00e1rov,<\/strong> aby pomohli lie\u010di\u0165 a dosta\u0165 pod kontrolu nieko\u013eko z\u00e1va\u017en\u00fdch \u013eudsk\u00fdch ochoren\u00ed a veria, \u017ee v bud\u00facnosti sa im dokonca bude mo\u017en\u00e9 \u00faplne vyhn\u00fa\u0165.<\/p>\n<p>T\u00edmy zlo\u017een\u00e9 z 50 najlep\u0161\u00edch \u0161pecialistov a odborn\u00edkov v r\u00f4znych oblastiach medic\u00edny a jej pr\u00edbuzn\u00fdch vied, <strong>maj\u00fa za \u00falohu analyzova\u0165, experimentova\u0165 a nakoniec vyhodnoti\u0165 a vyn\u00e1js\u0165 lieky \u010di sp\u00f4sob \u00fapln\u00e9ho vyhubenia naj\u010dastej\u0161\u00edch a najz\u00e1kernej\u0161\u00edch chor\u00f4b ak\u00fdmi s\u00fa rakovina, r\u00f4zne infekcie, choroby postihuj\u00face srdce, ale aj neurologick\u00e9 diagn\u00f3zy a podobne.<\/strong> Ved\u00facou osobnos\u0165ou Zuckerbergovej iniciat\u00edvy sa stal Cori Bargmann z Rockefeller University a predpoklad\u00e1 sa, \u017ee v najbli\u017e\u0161\u00edch rokoch sa t\u00edm vedcov e\u0161te roz\u0161\u00edri.<\/p>\n Mnoh\u00ed odborn\u00edci potvrdili, \u017ee hoci to vyzer\u00e1 ve\u013emi s\u013eubne, projekt je st\u00e1le iba v za\u010diatkoch. Zdroj: unsplash.com\n<h3>Ako to bude fungova\u0165?<\/h3>\n<p>Prv\u00e1 600-mili\u00f3nov\u00e1 \u010das\u0165 invest\u00edcie m\u00e1 sl\u00fa\u017ei\u0165 na vytvorenie ak\u00e9hosi zoznamu v\u0161etk\u00fdch buniek v \u013eudskom tele, aby ich bolo mo\u017en\u00e9 lep\u0161ie rozozn\u00e1va\u0165 a v pr\u00edpade potreby lie\u010di\u0165. <strong><em>\u201cCie\u013eom vedcov je vyvin\u00fa\u0165 \u0161peci\u00e1lny v\u00fdpo\u010dtov\u00fd syst\u00e9m, ktor\u00fd m\u00f4\u017eu v\u00fdskumn\u00edci pou\u017ei\u0165 s AI na katalogiz\u00e1ciu buniek a predpovedanie ich spr\u00e1vania, ke\u010f s\u00fa chor\u00e9. \u00dadaje by sa mohli pou\u017ei\u0165 na nov\u00e9 objavy, ktor\u00e9 \u00faplne eliminuj\u00fa \u013eudsk\u00e9 choroby\u201d<\/em><\/strong>, uviedli Chan a Zuckerberg vo vyhl\u00e1sen\u00ed.<\/p>\n<p><strong>S\u00fa\u010das\u0165ou CZI je aj Chan Zuckerberg Biohub,<\/strong> spolo\u010dnos\u0165 zameran\u00e1 na zdravotn\u00fd v\u00fdskum, ktor\u00e1 spolupracuje aj s troma univerzitami \u2013 Berkley, UCF a Stanford. <strong><em>\u201eNa\u0161e tri partnersk\u00e9 univerzity s\u00fa chrbticou celej pr\u00e1ce Biohubu\u201c,<\/em><\/strong> ozn\u00e1mila spolo\u010dnos\u0165. <strong><em>\u201eNa\u0161i v\u00fdskumn\u00edci prich\u00e1dzaj\u00fa z t\u00fdchto skvel\u00fdch v\u00fdskumn\u00fdch in\u0161tit\u00faci\u00ed a ich fakulty bud\u00fa neoddelite\u013enou s\u00fa\u010das\u0165ou na\u0161ich ka\u017edodenn\u00fdch procesov tu v Biohube.\u201c<\/em><\/strong> Ako \u010falej uv\u00e1dza Business Insider, v nasleduj\u00facich rokoch pl\u00e1nuje Biohub roz\u0161\u00edri\u0165 spolupr\u00e1cu aj s \u010fal\u0161\u00edmi v\u00fdskumn\u00fdmi in\u0161tit\u00faciami.<\/p>\n<p><em><strong>\u201eVedieme v\u00fdskum, ktor\u00fd pom\u00e1ha rie\u0161i\u0165 ve\u013ek\u00e9 zdravotn\u00e9 probl\u00e9my.<\/strong> H\u013ead\u00e1me a podporujeme najlep\u0161\u00edch biol\u00f3gov, vedcov, in\u017einierov a technol\u00f3gov. Na\u0161u kult\u00faru pod\u010diarkuje intelektu\u00e1lna sloboda a spolupr\u00e1ca. <strong>Poskytujeme n\u00e1\u0161mu t\u00edmu najlep\u0161ie vedeck\u00e9 n\u00e1stroje a ak tie spr\u00e1vne n\u00e1stroje e\u0161te neexistuj\u00fa, vymysl\u00edme a vyvinieme ich\u201c<\/strong>,<\/em> dodal Chan Zuckerberg Biohub.<\/p>\n<p><iframe title=\"Our New 10-Year Science Vision\" width=\"640\" height=\"360\" src=\"https:\/\/www.youtube.com\/embed\/xSxmgW6qtV4?feature=oembed\" frameborder=\"0\" allow=\"accelerometer; autoplay; clipboard-write; encrypted-media; gyroscope; picture-in-picture; web-share\" referrerpolicy=\"strict-origin-when-cross-origin\" allowfullscreen><\/iframe><\/p>\n<h3>N\u00e1dej bud\u00facim gener\u00e1ci\u00e1m<\/h3>\n<p>Mnoh\u00ed odborn\u00edci potvrdili, \u017ee hoci to vyzer\u00e1 ve\u013emi s\u013eubne, projekt je st\u00e1le v za\u010diatkoch a jeho spustenie pl\u00e1nuj\u00fa u\u017e v nasleduj\u00facom roku. Predpoklad\u00e1 sa, \u017ee <strong>na z\u00e1klade v\u00fdskumov a vyhodnoten\u00ed bude m\u00f4c\u0165 re\u00e1lne pom\u00e1ha\u0165 pri lie\u010dbe a predch\u00e1dzan\u00ed z\u00e1va\u017en\u00fdch ochoren\u00ed pribli\u017ene do roku 2100,<\/strong> informuje <span class=\"TextRun SCXW160338750 BCX0\" lang=\"SK-SK\" xml_lang=\"SK-SK\" data-contrast=\"auto\"><span class=\"NormalTextRun SCXW160338750 BCX0\">Business <\/span><span class=\"NormalTextRun SpellingErrorV2Themed SCXW160338750 BCX0\">Insider.\u00a0<\/span><\/span> U\u017e teraz je v\u0161ak ist\u00e9, \u017ee n\u00e1klady na realiz\u00e1ciu tohto projektu bud\u00fa ove\u013ea vy\u0161\u0161ie, ako sa predpokladalo.<\/p>\n<p>Man\u017eelia si ve\u013emi dobre uvedomuj\u00fa, \u017ee zbavi\u0165 svet v\u0161etk\u00fdch z\u00e1va\u017en\u00fdch chor\u00f4b sa nepodar\u00ed tak skoro, no z\u00e1rove\u0148 <strong>veria, \u017ee \u013eudia v\u010faka ich \u00fasiliu bud\u00fa menej chor\u00ed a mno\u017estvo probl\u00e9mov bude mo\u017en\u00e9 vyrie\u0161i\u0165 efekt\u00edvnej\u0161ie a r\u00fdchlej\u0161ie.<\/strong><\/p>\n<p><strong>Zuckerberg vyzval aj na invest\u00edcie v oblasti umelej inteligencie, ktor\u00e1 m\u00f4\u017ee pom\u00f4c\u0165 lep\u0161ie porozumie\u0165 mozgu, \u010di zachyti\u0165 ochorenia v skor\u0161om \u0161t\u00e1diu,<\/strong> kedy je pravdepodobnos\u0165 vylie\u010denia ove\u013ea v\u00e4\u010d\u0161ia.<\/p>\n<p>Prominentn\u00e1 dvojica m\u00e1 naozaj ve\u013ek\u00e9 a odv\u00e1\u017ene pl\u00e1ny, ktor\u00e9 by mohli zlep\u0161i\u0165 \u017eivoty \u013eud\u00ed, tak ver\u00edme, \u017ee aspo\u0148 niektor\u00e9 z nich sa stan\u00fa realitou a do\u017eij\u00fa sa ich aspo\u0148 na\u0161e vn\u00fa\u010dat\u00e1.<\/p>","protected":false},"excerpt":{"rendered":"<p>Mark Zuckerberg a jeho man\u017eelka Priscilla Chan ozn\u00e1mili u\u017e pred nieko\u013ek\u00fdmi rokmi, \u017ee chc\u00fa do vedy a v\u00fdskumu investova\u0165 v\u00e4\u010d\u0161inu svojho majetku. Spolo\u010dn\u00fdmi silami chc\u00fa<\/p>","protected":false},"author":1,"featured_media":0,"comment_status":"closed","ping_status":"closed","sticky":false,"template":"","format":"standard","meta":{"footnotes":""},"categories":[51],"tags":[],"class_list":["post-8497","post","type-post","status-publish","format-standard","hentry","category-archiv","two-columns"],"_links":{"self":[{"href":"https:\/\/instrid.sk\/en\/wp-json\/wp\/v2\/posts\/8497","targetHints":{"allow":["GET"]}}],"collection":[{"href":"https:\/\/instrid.sk\/en\/wp-json\/wp\/v2\/posts"}],"about":[{"href":"https:\/\/instrid.sk\/en\/wp-json\/wp\/v2\/types\/post"}],"author":[{"embeddable":true,"href":"https:\/\/instrid.sk\/en\/wp-json\/wp\/v2\/users\/1"}],"replies":[{"embeddable":true,"href":"https:\/\/instrid.sk\/en\/wp-json\/wp\/v2\/comments?post=8497"}],"version-history":[{"count":0,"href":"https:\/\/instrid.sk\/en\/wp-json\/wp\/v2\/posts\/8497\/revisions"}],"wp:attachment":[{"href":"https:\/\/instrid.sk\/en\/wp-json\/wp\/v2\/media?parent=8497"}],"wp:term":[{"taxonomy":"category","embeddable":true,"href":"https:\/\/instrid.sk\/en\/wp-json\/wp\/v2\/categories?post=8497"},{"taxonomy":"post_tag","embeddable":true,"href":"https:\/\/instrid.sk\/en\/wp-json\/wp\/v2\/tags?post=8497"}],"curies":[{"name":"wp","href":"https:\/\/api.w.org\/{rel}","templated":true}]}}