{"id":8515,"date":"2023-10-21T00:00:00","date_gmt":"2023-10-20T23:00:00","guid":{"rendered":"https:\/\/instrid.sk\/uncategorized\/objavte-prirodne-zazraky-kostariky-sopky-dzungle-a-plaze\/"},"modified":"2023-10-21T00:00:00","modified_gmt":"2023-10-20T23:00:00","slug":"objavte-prirodne-zazraky-kostariky-sopky-dzungle-a-plaze","status":"publish","type":"post","link":"https:\/\/instrid.sk\/en\/archiv\/objavte-prirodne-zazraky-kostariky-sopky-dzungle-a-plaze\/","title":{"rendered":"Objavte pr\u00edrodn\u00e9 z\u00e1zraky Kostariky: sopky, d\u017eungle a pl\u00e1\u017ee"},"content":{"rendered":"<p><strong>Cestovanie po Kostarike pon\u00faka neuverite\u013en\u00fd z\u00e1\u017eitok<\/strong>, na ktor\u00fd budete spom\u00edna\u0165 do konca \u017eivota.<\/p>\n<p>\u010cak\u00e1 v\u00e1s <strong>svie\u017ea pr\u00edrodn\u00e1 kr\u00e1sa a mno\u017estvo z\u00e1bavn\u00fdch dobrodru\u017en\u00fdch aktiv\u00edt,<\/strong> o ktor\u00e9 v tejto krajine nie je n\u00fadza.<\/p>\n<p>&nbsp;<\/p>\n<h3>Kedy \u00eds\u0165, \u010do si zbali\u0165 a \u010do vidie\u0165?<\/h3>\n<h3>Kedy je najlep\u0161\u00ed \u010das na n\u00e1v\u0161tevu destin\u00e1cie Kostarika?<\/h3>\n<p>Neexistuje zl\u00fd \u010das na n\u00e1v\u0161tevu Kostariky!<\/p>\n<p>Ak v\u0161ak h\u013ead\u00e1te najvhodnej\u0161\u00ed \u010das na cestu z h\u013eadiska po\u010dasia, <strong>od decembra do apr\u00edla s\u00fa najslne\u010dnej\u0161ie, najjasnej\u0161ie a najsuch\u0161ie<\/strong> klimatick\u00e9 podmienky.<\/p>\n<p>Po\u010das tohto obdobia si u\u017eijete ve\u013ea kr\u00e1snych slne\u010dn\u00fdch dn\u00ed na pl\u00e1\u017ei, ale je d\u00f4le\u017eit\u00e9 poznamena\u0165, \u017ee je to aj vrchol turistickej sez\u00f3ny.<\/p>\n<p>V d\u00f4sledku toho sa m\u00f4\u017eu zv\u00fd\u0161i\u0165 ceny a ob\u013e\u00faben\u00e9 atrakcie m\u00f4\u017eu by\u0165 preplnen\u00e9.<\/p>\n<p><strong>M\u00e1j a j\u00fan s\u00fa tie\u017e v\u00fdborn\u00e9 na\u010dasovanie,<\/strong> kon\u010d\u00ed sa vtedy obdobie sucha a krajina sa st\u00e1va zelen\u0161ou.<\/p>\n<p>D\u00e1\u017e\u010f je mo\u017en\u00fd, ale nie je tak\u00fd siln\u00fd ako <strong>obdobie da\u017e\u010fov, ktor\u00e9 je od septembra do novembra.<\/strong><\/p>\n<p><strong>Ak chcete u\u0161etri\u0165 peniaze, cestovanie po\u010das obdobia da\u017e\u010fov m\u00f4\u017ee pon\u00faknu\u0165 super lacn\u00e9 lety!<\/strong><\/p>\n Pr\u00edroda na Kostarike v\u00e1m vyraz\u00ed dych. Zdroj: airbnb.co.za\n<h3>\u010co si zbali\u0165 na v\u00fdlet do Kostariky?<\/h3>\n<p>Ke\u010f prem\u00fd\u0161\u013eate, \u010do si zbali\u0165 na v\u00fdlet do Kostariky, <strong>mali by ste porozm\u00fd\u0161\u013ea\u0165, ako bude va\u0161a cesta vyzera\u0165.<\/strong><\/p>\n<p>Ak chcete presk\u00fama\u0165 da\u017e\u010fov\u00fd prales a vyda\u0165 sa na t\u00faru, budete si musie\u0165 zbali\u0165 viac vybavenia, ako s\u00fa turistick\u00e9 top\u00e1nky, \u0161portov\u00e9 oble\u010denie, turistick\u00fd ruksak at\u010f.<\/p>\n<p>Ak v\u0161ak pl\u00e1nujete tr\u00e1vi\u0165 v\u00e4\u010d\u0161inu \u010dasu na pl\u00e1\u017ei, budete potrebova\u0165 len pl\u00e1\u017eov\u00e9 oble\u010denie.<\/p>\n<p>S najv\u00e4\u010d\u0161ou pravdepodobnos\u0165ou bude v\u00e1\u0161 v\u00fdlet do Kostariky zah\u0155\u0148a\u0165 <strong>kombin\u00e1ciu z\u00e1\u017eitkov z da\u017e\u010fov\u00e9ho pralesa a pl\u00e1\u017ee. <\/strong><\/p>\n<p>&nbsp;<\/p>\n<div class=\"flex-1 overflow-hidden\">\n<div class=\"react-scroll-to-bottom--css-svdvs-79elbk h-full dark:bg-gray-800\">\n<div class=\"react-scroll-to-bottom--css-svdvs-1n7m0yu\">\n<div class=\"flex flex-col text-sm dark:bg-gray-800\">\n<div class=\"group final-completion w-full text-token-text-primary border-b border-black\/10 gizmo:border-0 dark:border-gray-900\/50 gizmo:dark:border-0 bg-gray-50 gizmo:bg-transparent dark:bg-[#444654] gizmo:dark:bg-transparent\" data-testid=\"conversation-turn-3\">\n<div class=\"p-4 justify-center text-base md:gap-6 md:py-6 m-auto\">\n<div class=\"flex flex-1 gap-4 text-base mx-auto md:gap-6 gizmo:gap-3 gizmo:md:px-5 gizmo:lg:px-1 gizmo:xl:px-5 md:max-w-2xl lg:max-w-[38rem] gizmo:md:max-w-3xl gizmo:lg:max-w-[40rem] gizmo:xl:max-w-[48rem] xl:max-w-3xl }\">\n<div class=\"relative flex w-[calc(100%-50px)] flex-col gizmo:w-full lg:w-[calc(100%-115px)] agent-turn\">\n<div class=\"flex-col gap-1 md:gap-3\">\n<div class=\"flex flex-grow flex-col gap-3 max-w-full\">\n<div class=\"min-h-[20px] flex flex-col items-start gap-3 whitespace-pre-wrap break-words overflow-x-auto\">\n<div class=\"markdown prose w-full break-words dark:prose-invert light\">\n<h3>Najlep\u0161ie miesta na n\u00e1v\u0161tevu v Kostarike<\/h3>\n<p>Pri cestovan\u00ed po Kostarike naraz\u00edte na mnoho \u00fa\u017easn\u00fdch destin\u00e1ci\u00ed, ktor\u00e9 m\u00f4\u017eete objavi\u0165.<\/p>\n<p>From<strong> n\u00e1rodn\u00fdch parkov a pokojn\u00fdch pl\u00e1\u017e\u00ed, a\u017e po majest\u00e1tne sopky a pulzuj\u00face mest\u00e1<\/strong>, tu s\u00fa niektor\u00e9 z t\u00fdch najlep\u0161\u00edch miest, ktor\u00e9 by ste nemali vynecha\u0165.<\/p>\n<p>&nbsp;<\/p>\n<h3><b>#1,\u00a0<\/b>San Jos\u00e9<\/h3>\n<p>Toto je <strong>hlavn\u00e9 mesto Kostariky, a v\u00e1\u0161 pr\u00edlet bude pravdepodobne smerova\u0165 sem.<\/strong><\/p>\n<p>Str\u00e1vte nejak\u00fd \u010das prech\u00e1dzkami, n\u00e1v\u0161tevou m\u00faze\u00ed a historick\u00fdch budov, a\u017e potom sa vydajte na prieskum krajiny.<\/p>\n<p><strong>Netreba mu v\u0161ak venova\u0165 \u0161peci\u00e1lnu pozornos\u0165 a ost\u00e1va\u0165 tu nieko\u013eko dn\u00ed<\/strong>, krajina pon\u00faka mno\u017estvo in\u00fdch zauj\u00edmav\u00fdch zast\u00e1vok.<\/p>\n<p>&nbsp;<\/p>\n<h3><b>#2,\u00a0<\/b>Centr\u00e1lne \u00fadolie<\/h3>\n<p>Ju\u017ene od San Jose sa nach\u00e1dza Centr\u00e1lne \u00fadolie Kostariky.<\/p>\n<p>T\u00e1to oblas\u0165 v\u00e1m pon\u00fakne <strong>skvel\u00fa mo\u017enos\u0165 spozna\u0165 miestnu kult\u00faru. <\/strong><\/p>\n<p>Nav\u0161t\u00edvte miestne <strong>remeseln\u00e9 trhy, presk\u00famajte k\u00e1vov\u00e9 plant\u00e1\u017ee<\/strong> a objavujte mal\u00e9 mest\u00e1.<\/p>\n<p>&nbsp;<\/p>\n<\/div>\n<\/div>\n Monteverde. Zdroj: abercrombiekent.co.uk\n<div class=\"min-h-[20px] flex flex-col items-start gap-3 whitespace-pre-wrap break-words overflow-x-auto\">\n<div class=\"markdown prose w-full break-words dark:prose-invert light\">\n<h3><b>#3,\u00a0<\/b>Monteverde<\/h3>\n<p>Monteverde je jednou z hlavn\u00fdch ekoturistick\u00fdch oblast\u00ed v Kostarike a je<strong> zn\u00e1me svoj\u00edm bujn\u00fdm obla\u010dn\u00fdm pralesom. <\/strong><\/p>\n<p>Tu si m\u00f4\u017eete vychutna\u0165 <strong>pe\u0161iu turistiku a jazdu na zipline. <\/strong><\/p>\n<p>&nbsp;<\/p>\n<h3><b>#4,\u00a0<\/b>La Fortuna<\/h3>\n<p>Toto mal\u00e9 mesto v Severnej vyso\u010dine Kostariky je pln\u00e9 aktiv\u00edt.<\/p>\n<p>M\u00f4\u017eete sa ponori\u0165 do<strong> hor\u00facich prame\u0148ov, pozorova\u0165 vt\u00e1ky v d\u017eungli, vyst\u00fapi\u0165 na sopky a nav\u0161t\u00edvi\u0165 n\u00e1dhern\u00e9 vodop\u00e1dy. <\/strong><\/p>\n<p>T\u00e1to lokalita je<strong> zhmotnen\u00e9 dobrodru\u017estvo!<\/strong><\/p>\n<p>&nbsp;<\/p>\n Arenal Volcano. Zdroj: worldstrides.com\n<h3><b>#5,\u00a0<\/b>N\u00e1rodn\u00fd park Arenal Volcano<\/h3>\n<p>Tento park sa nach\u00e1dza v bl\u00edzkosti La Fortuna a je nevyhnutn\u00fdm cie\u013eom pre turistiku v Kostarike.<\/p>\n<p><strong>V\u00fdh\u013eady a turistick\u00e9 chodn\u00edky sopky Arenal s\u00fa ohromuj\u00face.<\/strong><\/p>\n<p>Je domovom majest\u00e1tnej <strong>sopky Arenal, jednej z najzn\u00e1mej\u0161\u00edch a najakt\u00edvnej\u0161\u00edch sopiek na svete.<\/strong><\/p>\n<p>N\u00e1v\u0161tevn\u00edci parku m\u00f4\u017eu pozorova\u0165 sopku z bezpe\u010dnej vzdialenosti, z viacer\u00fdch vyhliadkov\u00fdch miest.<\/p>\n<p>Okolie N\u00e1rodn\u00e9ho parku Arenal pon\u00faka aj <strong>mno\u017estvo term\u00e1lnych k\u00fape\u013eov a tepl\u00fdch prame\u0148ov. <\/strong><\/p>\n<p>Tieto miesta s\u00fa ide\u00e1lne na oddych a relax\u00e1ciu po dni plnom dobrodru\u017estva.<\/p>\n<p>Mnoh\u00e9<strong> term\u00e1lne k\u00fapele s\u00fa vybaven\u00e9 baz\u00e9nmi s r\u00f4znymi teplotami,<\/strong> \u010do umo\u017e\u0148uje n\u00e1v\u0161tevn\u00edkom vybra\u0165 si ten, ktor\u00fd im najviac vyhovuje.<\/p>\n<p>&nbsp;<\/p>\n<h3><b>#6,\u00a0<\/b>Lib\u00e9ria<\/h3>\n<p>Lib\u00e9ria je \u010fal\u0161\u00edm ve\u013ek\u00fdm mestom na severe Kostariky.<\/p>\n<p>M\u00e1 <strong>kr\u00e1sne pl\u00e1\u017ee a je domovom z\u00e1bavn\u00e9ho dobrodru\u017en\u00e9ho parku Ponderosa<\/strong>.<\/p>\n<p>&nbsp;<\/p>\n<h3><b>#7,\u00a0<\/b>N\u00e1rodn\u00fd park Manuel Antonio<\/h3>\n<p><strong>Jedn\u00fdm z najlep\u0161\u00edch miest na pozorovanie tropickej divo\u010diny<\/strong> v Kostarike je N\u00e1rodn\u00fd park Manuel Antonio.<\/p>\n<p>Str\u00e1vte tu nieko\u013eko dn\u00ed objavovan\u00edm d\u017eungle a ur\u010dite uvid\u00edte mnoho n\u00e1dhern\u00fdch tvorov.<\/p>\n<p>&nbsp;<\/p>\n Puerto Viejo. Zdroj: matadornetwork.com\n<h3><b>#8,\u00a0<\/b>Puerto Viejo<\/h3>\n<p>Toto kr\u00e1sne <strong>pl\u00e1\u017eov\u00e9 mesto sa nach\u00e1dza na karibskom pobre\u017e\u00ed Kostariky. <\/strong><\/p>\n<p>M\u00f4\u017eete si tu odd\u00fdchnu\u0165 na <strong>nedotknut\u00fdch pl\u00e1\u017each a pozrie\u0165 si okolie, kde stretnete div\u00fa zver.<\/strong><\/p>\n<p>&nbsp;<\/p>\n<h3><b>#9,\u00a0<\/b>N\u00e1rodn\u00fd park Tortuguero<\/h3>\n<p>Tento n\u00e1rodn\u00fd park sa nach\u00e1dza na severov\u00fdchode Kostariky a je <strong>zn\u00e1my t\u00fdm, \u017ee je hniezdiskom zelen\u00fdch morsk\u00fdch korytna\u010diek. <\/strong><\/p>\n<p>Explore <strong>da\u017e\u010fov\u00e9 pralesy, rieky a lag\u00fany, a m\u00f4\u017eete sa te\u0161i\u0165 na korytna\u010dky a \u010fal\u0161ie vo\u013ene \u017eij\u00face zvierat\u00e1.<\/strong><\/p>\n<p>&nbsp;<\/p>\n<h3><b>#10,\u00a0<\/b>Drake Bay<\/h3>\n<p>T\u00e1to od\u013eahl\u00e1 oblas\u0165 na polostrove Osa v Kostarike je ide\u00e1lna pre cestovate\u013eov, ktor\u00ed chc\u00fa unikn\u00fa\u0165 davom a str\u00e1vi\u0165 pohodov\u00fd \u010das v pr\u00edrode.<\/p>\n<p>&nbsp;<\/p>\n<h3><b>#11,\u00a0<\/b>Tamarindo<\/h3>\n<p>Tamarindo sa nach\u00e1dza na <strong>z\u00e1padnom pobre\u017e\u00ed Kostariky a je \u017eiv\u00fdm turistick\u00fdm mestom priamo na pl\u00e1\u017ei. <\/strong><\/p>\n<p>Je to skvel\u00e9 miesto na to, ak sa chcete nau\u010di\u0165 surfova\u0165 a stret\u00e1va\u0165 sa s ostatn\u00fdmi cestovate\u013emi v baroch, alebo no\u010dn\u00fdch kluboch.<\/p>\n<\/div>\n<\/div>\n<\/div>\n<\/div>\n<\/div>\n<\/div>\n<\/div>\n<\/div>\n<\/div>\n<\/div>\n<\/div>\n<\/div>","protected":false},"excerpt":{"rendered":"<p>Cestovanie po Kostarike pon\u00faka neuverite\u013en\u00fd z\u00e1\u017eitok, na ktor\u00fd budete spom\u00edna\u0165 do konca \u017eivota. \u010cak\u00e1 v\u00e1s svie\u017ea pr\u00edrodn\u00e1 kr\u00e1sa a mno\u017estvo z\u00e1bavn\u00fdch dobrodru\u017en\u00fdch aktiv\u00edt, o ktor\u00e9<\/p>","protected":false},"author":1,"featured_media":0,"comment_status":"closed","ping_status":"closed","sticky":false,"template":"","format":"standard","meta":{"footnotes":""},"categories":[51],"tags":[],"class_list":["post-8515","post","type-post","status-publish","format-standard","hentry","category-archiv","two-columns"],"_links":{"self":[{"href":"https:\/\/instrid.sk\/en\/wp-json\/wp\/v2\/posts\/8515","targetHints":{"allow":["GET"]}}],"collection":[{"href":"https:\/\/instrid.sk\/en\/wp-json\/wp\/v2\/posts"}],"about":[{"href":"https:\/\/instrid.sk\/en\/wp-json\/wp\/v2\/types\/post"}],"author":[{"embeddable":true,"href":"https:\/\/instrid.sk\/en\/wp-json\/wp\/v2\/users\/1"}],"replies":[{"embeddable":true,"href":"https:\/\/instrid.sk\/en\/wp-json\/wp\/v2\/comments?post=8515"}],"version-history":[{"count":0,"href":"https:\/\/instrid.sk\/en\/wp-json\/wp\/v2\/posts\/8515\/revisions"}],"wp:attachment":[{"href":"https:\/\/instrid.sk\/en\/wp-json\/wp\/v2\/media?parent=8515"}],"wp:term":[{"taxonomy":"category","embeddable":true,"href":"https:\/\/instrid.sk\/en\/wp-json\/wp\/v2\/categories?post=8515"},{"taxonomy":"post_tag","embeddable":true,"href":"https:\/\/instrid.sk\/en\/wp-json\/wp\/v2\/tags?post=8515"}],"curies":[{"name":"wp","href":"https:\/\/api.w.org\/{rel}","templated":true}]}}