{"id":8537,"date":"2023-11-07T00:00:00","date_gmt":"2023-11-06T23:00:00","guid":{"rendered":"https:\/\/instrid.sk\/uncategorized\/kralovna-simpanzov-a-milovnicka-prirody-dr-jane-goodall-najvacsou-hrozbou-pre-nasu-buducnost-je-apatia\/"},"modified":"2023-11-07T00:00:00","modified_gmt":"2023-11-06T23:00:00","slug":"kralovna-simpanzov-a-milovnicka-prirody-dr-jane-goodall-najvacsou-hrozbou-pre-nasu-buducnost-je-apatia","status":"publish","type":"post","link":"https:\/\/instrid.sk\/en\/archiv\/kralovna-simpanzov-a-milovnicka-prirody-dr-jane-goodall-najvacsou-hrozbou-pre-nasu-buducnost-je-apatia\/","title":{"rendered":"Kr\u00e1\u013eovn\u00e1 \u0161impanzov a milovn\u00ed\u010dka pr\u00edrody Dr. Jane Goodall: Najv\u00e4\u010d\u0161ou hrozbou pre na\u0161u bud\u00facnos\u0165 je apatia"},"content":{"rendered":"<p><strong>Pokia\u013e ide o na\u0161e \u017eivotn\u00e9 prostredie \u2013 hroziv\u00e9 po\u017eiare, hurik\u00e1ny, zemetrasenia a in\u00e9 ni\u010div\u00e9 \u00fa\u010dinky zmeny kl\u00edmy, existuje mnoho d\u00f4vodov na pesimizmus. Svetozn\u00e1ma etologi\u010dka, environmentalistka a aktivistka Dr. Jane Goodall si v\u0161ak mysl\u00ed, \u017ee st\u00e1le m\u00e1me n\u00e1dej a mo\u017enos\u0165 to zvr\u00e1ti\u0165.<\/strong><\/p>\n<p>To, \u010do jej (n\u00e1m) d\u00e1va n\u00e1dej, s\u00fa mlad\u00ed \u013eudia, ktor\u00ed neprest\u00e1vaj\u00fa veri\u0165 v lep\u0161iu bud\u00facnos\u0165. Hoci t\u00e1to v\u00fdnimo\u010dn\u00e1 d\u00e1ma je u\u017e v pokro\u010dilom veku, vyjadrila sa, \u017ee chce \u017ei\u0165 dostato\u010dne dlho na to, aby \u0161\u00edrila pozit\u00edvne posolstvo po celom svete.<\/p>\n<h3>Kto je Jane Goodall?<\/h3>\n<p><strong>Jane Goodall (89) je anglick\u00e1 primatologi\u010dka a environment\u00e1lna aktivistka,<\/strong> patr\u00ed medzi najzn\u00e1mej\u0161\u00edch zvierac\u00edch v\u00fdskumn\u00edkov a ochran\u00e1rov na svete.<\/p>\n<p>V roku 1960 odcestovala z Anglicka do Tanz\u00e1nie, aby za\u010dala prv\u00fa dlhodob\u00fa \u0161t\u00fadiu divok\u00fdch \u0161impanzov. <strong>Po 55-ro\u010dnom \u0161t\u00fadiu t\u00fdchto divok\u00fdch zvierat v n\u00e1rodnom parku Gomber Stream ju za\u010dali pova\u017eova\u0165 za popredn\u00fa svetov\u00fa odborn\u00ed\u010dku na \u0161impanzy.<\/strong><\/p>\n<p><strong>Svojimi inovat\u00edvnymi met\u00f3dami a fascinuj\u00facimi poznatkami o ich spr\u00e1van\u00ed, priniesla revol\u00faciu vo vede.<\/strong> Jej objav v\u00fdroby a pou\u017e\u00edvania n\u00e1strojov medzi \u0161impanzmi ju viedol k tomu, aby spochybnila my\u0161lienku, \u017ee zvierat\u00e1 s\u00fa v\u00fdrazne odli\u0161n\u00e9 od \u013eud\u00ed, a namiesto toho tvrdila, \u017ee <em>\u201enie sme tak\u00ed odli\u0161n\u00ed od zvy\u0161ku \u017eivo\u010d\u00ed\u0161nej r\u00ed\u0161e, ako sme si mysleli.\u201c<\/em><\/p>\n<p>V roku 1977 zalo\u017eila Jane Goodall Institute, ktor\u00fd dodnes pokra\u010duje v jej v\u00fdskume po celom svete. Hoci je Goodall zn\u00e1ma predov\u0161etk\u00fdm v\u00fdskumom \u0161impanzov, <strong>ve\u013ek\u00fa \u010das\u0165 svojej kari\u00e9ry str\u00e1vila ako ne\u00fanavn\u00e1 ochranky\u0148a \u017eivotn\u00e9ho prostredia a poukazovala na to, ako je ochrana plan\u00e9ty k\u013e\u00fa\u010dov\u00e1 pre \u017eivot na Zemi.<\/strong> In\u0161tit\u00fat Jane Goodall sa zaviazal chr\u00e1ni\u0165 prim\u00e1ty. Jeho projekty siahaj\u00fa od ochrany pr\u00edrody a\u017e po rozvojov\u00fa spolupr\u00e1cu a s\u00fa ur\u010den\u00e9 na pomoc \u013eu\u010fom, zvierat\u00e1m a \u017eivotn\u00e9mu prostrediu.<\/p>\n<p><iframe style=\"border: none; overflow: hidden;\" src=\"https:\/\/www.facebook.com\/plugins\/post.php?href=https%3A%2F%2Fwww.facebook.com%2Fjanegoodall%2Fphotos%2Fa.391778027170%2F10156664098317171%2F%3Ftype%3D3&amp;show_text=true&amp;width=500\" width=\"500\" height=\"761\" frameborder=\"0\" scrolling=\"no\" allowfullscreen=\"allowfullscreen\"><\/iframe><\/p>\n<h3>N\u00e1dej vklad\u00e1 do mlad\u00fdch \u013eud\u00ed<\/h3>\n<p><strong>Zalo\u017eila tie\u017e Jane Goodall\u2019s Roots and Shoots, aby umo\u017enila ml\u00e1de\u017ei v\u0161etk\u00fdch vekov\u00fdch kateg\u00f3ri\u00ed mobilizova\u0165 svojich rovesn\u00edkov a venova\u0165 sa ich v\u00e1\u0161ni.<\/strong> Uzn\u00e1van\u00e1 primatologi\u010dka na\u010falej tvrdo pracuje na ochrane ekosyst\u00e9mov a biodiverzity, environment\u00e1lnej v\u00fdchovy a udr\u017eate\u013enosti. <strong>E\u0161te st\u00e1le cestuje po svete, predn\u00e1\u0161a o environment\u00e1lnych probl\u00e9moch a z\u00e1rove\u0148 povzbudzuje mlad\u00fdch \u013eud\u00ed, aby sa akt\u00edvne zaoberali bud\u00facnos\u0165ou plan\u00e9ty.<\/strong><\/p>\n<p>Aktu\u00e1lne existuj\u00fa skupiny v\u0161etk\u00fdch vekov\u00fdch kateg\u00f3ri\u00ed vo viac ako 50 krajin\u00e1ch, od matersk\u00fdch \u0161k\u00f4l a\u017e po univerzity, ktor\u00e9 pracuj\u00fa na vlastn\u00fdch projektoch a rozhodli sa vytvori\u0165 lep\u0161\u00ed svet pre \u013eud\u00ed, zvierat\u00e1 a \u017eivotn\u00e9 prostredie. <strong><em>\u201cKa\u017ed\u00fd m\u00e1 v tomto \u017eivote svoju rolu. Ka\u017ed\u00fd m\u00f4\u017ee prispie\u0165 ka\u017ed\u00fd de\u0148. Spolu m\u00f4\u017eeme zmeni\u0165 svet, k\u00fdm nebude pr\u00edli\u0161 neskoro,\u201d<\/em><\/strong> hovor\u00ed Jane.<\/p>\n<p><strong><em>\u201eAk nem\u00e1me n\u00e1dej, m\u00e1me tendenciu upadn\u00fa\u0165 do apatie. A ak upadneme do apatie, m\u00e1me tendenciu nerobi\u0165 ni\u010d,\u201c<\/em><\/strong> povedala Dr. Goodall. <strong><em>\u201eBez n\u00e1deje si nevyhrnie\u0161 ruk\u00e1vy, nevyjde\u0161 von a neurob\u00ed\u0161 nie\u010do, aby si zmenil svet. Preto\u017ee \u017eijeme vo ve\u013emi temn\u00fdch \u010dasoch,&#8220;<\/em><\/strong> povedala na jednej z predn\u00e1\u0161ok.<\/p>\n<p><em>\u201eOdpove\u010f je, \u017ee nem\u00f4\u017eete zachr\u00e1ni\u0165 svet (s\u00e1m), ale m\u00f4\u017eete nie\u010do urobi\u0165 vo svojej vlastnej komunite. Na \u010dom ti z\u00e1le\u017e\u00ed? <strong>Je to kolekt\u00edvny vplyv mal\u00fdch rozhodnut\u00ed, ktor\u00e9 m\u00f4\u017eu sp\u00f4sobi\u0165 ve\u013ek\u00fa zmenu,&#8220;<\/strong><\/em> povzbudzuje ne\u00fanavn\u00e1 bojovn\u00ed\u010dka za lep\u0161iu a zdrav\u0161iu bud\u00facnos\u0165.<\/p>\n<p><strong>Pred p\u00e1r rokmi nav\u0161t\u00edvila Jane Goodall aj Slovensko, toto n\u00e1m odk\u00e1zala:<\/strong><\/p>\n<p><iframe title=\"JANE GOODALL Dedication to Daniela Pirselova and Peter Krajcik CLIMATE CONFERENCE SLOVAKIA\" width=\"640\" height=\"360\" src=\"https:\/\/www.youtube.com\/embed\/rm5vXCv3DaY?feature=oembed\" frameborder=\"0\" allow=\"accelerometer; autoplay; clipboard-write; encrypted-media; gyroscope; picture-in-picture; web-share\" referrerpolicy=\"strict-origin-when-cross-origin\" allowfullscreen><\/iframe><\/p>\n<h3>Splnen\u00fd sen<\/h3>\n<p><em><strong>Ako desa\u0165ro\u010dn\u00e1 som sa rozhodla, \u017ee v dospelosti p\u00f4jdem do Afriky \u017ei\u0165 s divok\u00fdmi zvieratami a p\u00edsa\u0165 o nich knihy. V\u0161etci sa mi smiali.<\/strong> Ako to chcem urobi\u0165? Afrika bola \u010faleko, bolo nesmierne n\u00e1kladn\u00e9 sa tam dosta\u0165, a ja som bola \u201elen diev\u010da.\u201c<\/em><\/p>\n<p><em><strong>\u201e\u013dudia mi hovorili, aby som sn\u00edvala o veciach, ktor\u00e9 by som mohla skuto\u010dne dosiahnu\u0165.<\/strong> No moja mama nie. Jednoducho mi povedala, \u017ee ak to naozaj chcem urobi\u0165, mus\u00edm tvrdo pracova\u0165, vyu\u017ei\u0165 ka\u017ed\u00fa pr\u00edle\u017eitos\u0165 a nikdy sa nevzda\u0165&#8230;\u201d<\/em> opisuje Jane Goodall za\u010diatok cesty za svojim snom v jednej zo svojich kn\u00edh.<\/p>\n<p>Cel\u00fd jej pr\u00edbeh, \u00fa\u017easn\u00e1 chu\u0165, zap\u00e1lenie a odhodlanie \u00eds\u0165 za svoj\u00edm snom, prinieslo cel\u00e9mu svetu nielen mno\u017estvo d\u00f4le\u017eit\u00fdch poznatkov a projektov, ale najm\u00e4 obrovsk\u00fd vzor a in\u0161pir\u00e1ciu pre nast\u00e1vaj\u00face gener\u00e1cie.<\/p>\n<p><strong><em>&#8222;Ka\u017ed\u00fd z n\u00e1s mus\u00ed prevzia\u0165 zodpovednos\u0165 za svoj vlastn\u00fd \u017eivot a predov\u0161etk\u00fdm prejavova\u0165 \u00factu a l\u00e1sku k \u017eiv\u00fdm veciam okolo n\u00e1s, najm\u00e4 k sebe navz\u00e1jom&#8230;&#8220;<\/em><\/strong> J.G.<\/p>","protected":false},"excerpt":{"rendered":"<p>Pokia\u013e ide o na\u0161e \u017eivotn\u00e9 prostredie \u2013 hroziv\u00e9 po\u017eiare, hurik\u00e1ny, zemetrasenia a in\u00e9 ni\u010div\u00e9 \u00fa\u010dinky zmeny kl\u00edmy, existuje mnoho d\u00f4vodov na pesimizmus. Svetozn\u00e1ma etologi\u010dka, environmentalistka<\/p>","protected":false},"author":1,"featured_media":0,"comment_status":"closed","ping_status":"closed","sticky":false,"template":"","format":"standard","meta":{"footnotes":""},"categories":[51],"tags":[],"class_list":["post-8537","post","type-post","status-publish","format-standard","hentry","category-archiv","two-columns"],"_links":{"self":[{"href":"https:\/\/instrid.sk\/en\/wp-json\/wp\/v2\/posts\/8537","targetHints":{"allow":["GET"]}}],"collection":[{"href":"https:\/\/instrid.sk\/en\/wp-json\/wp\/v2\/posts"}],"about":[{"href":"https:\/\/instrid.sk\/en\/wp-json\/wp\/v2\/types\/post"}],"author":[{"embeddable":true,"href":"https:\/\/instrid.sk\/en\/wp-json\/wp\/v2\/users\/1"}],"replies":[{"embeddable":true,"href":"https:\/\/instrid.sk\/en\/wp-json\/wp\/v2\/comments?post=8537"}],"version-history":[{"count":0,"href":"https:\/\/instrid.sk\/en\/wp-json\/wp\/v2\/posts\/8537\/revisions"}],"wp:attachment":[{"href":"https:\/\/instrid.sk\/en\/wp-json\/wp\/v2\/media?parent=8537"}],"wp:term":[{"taxonomy":"category","embeddable":true,"href":"https:\/\/instrid.sk\/en\/wp-json\/wp\/v2\/categories?post=8537"},{"taxonomy":"post_tag","embeddable":true,"href":"https:\/\/instrid.sk\/en\/wp-json\/wp\/v2\/tags?post=8537"}],"curies":[{"name":"wp","href":"https:\/\/api.w.org\/{rel}","templated":true}]}}