{"id":8562,"date":"2023-11-18T00:00:00","date_gmt":"2023-11-17T23:00:00","guid":{"rendered":"https:\/\/instrid.sk\/uncategorized\/klimaticke-skody-v-rozvojovych-krajinach\/"},"modified":"2023-11-18T00:00:00","modified_gmt":"2023-11-17T23:00:00","slug":"klimaticke-skody-v-rozvojovych-krajinach","status":"publish","type":"post","link":"https:\/\/instrid.sk\/en\/archiv\/klimaticke-skody-v-rozvojovych-krajinach\/","title":{"rendered":"Osud rozvojov\u00fdch kraj\u00edn stoj\u00ed v ruk\u00e1ch \u0161peci\u00e1lneho fondu, m\u00e1 sa postara\u0165 o klimatick\u00e9 \u0161kody"},"content":{"rendered":"<p><strong>Progn\u00f3za Medzivl\u00e1dneho panelu pre klimatick\u00fa zmenu z roku 2021, ktor\u00e1 sa t\u00fdkala mas\u00edvneho oteplenia v nasleduj\u00facom desa\u0165ro\u010d\u00ed, naber\u00e1 na realite.<\/strong> Po\u010das letn\u00fdch mesiacoch sa zaznamenalo viacero po\u017eiarov v d\u00f4sledku vysok\u00fdch tepl\u00f4t, ktor\u00e9 ka\u017edoro\u010dne naberaj\u00fa na intenzite.<\/p>\n<p>Ako sme informovali v na\u0161om predo\u0161lom \u010dl\u00e1nku, jednou z najviac postihnut\u00fdch oblast\u00ed bola Kanada, kde <strong>\u00farady na ochranu \u017eivotn\u00e9ho prostredia za\u010diatkom j\u00fana zaevidovali 416 akt\u00edvnych po\u017eiarov.<\/strong> Stovky z nich sa klasifikovali ako nekontrolovate\u013en\u00e9, v d\u00f4sledku \u010doho hasi\u010dsk\u00e9 pos\u00e1dky museli ust\u00fapi\u0165.<\/p>\n<p>V\u00fdnimku netvor\u00ed ani nedostatok pitnej vody. Ako dod\u00e1vame v na\u0161om \u010dl\u00e1nku, kr\u00edzov\u00e1 situ\u00e1cia sa hl\u00e1si v Uruguaji, kde takmer \u00faplne vyschla jedin\u00e1 sladkovodn\u00e1 n\u00e1dr\u017e. K\u00fdm u n\u00e1s pr\u00edstup k vode pova\u017eujeme za samozrejmos\u0165, na danom \u00fazem\u00ed <strong>viac ako polovica obyvate\u013eov nem\u00e1 pr\u00edstup k bezpe\u010dnej vode z vodovodu.<\/strong><\/p>\n<p>Touto krajinou to v\u0161ak nekon\u010d\u00ed. <strong>Pod\u013ea \u0161tatist\u00edk a\u017e 450 mili\u00f3nov det\u00ed \u017eije v oblastiach s nedostatkom pitnej vody na uspokojenie ka\u017edodenn\u00fdch z\u00e1kladn\u00fdch potrieb.<\/strong> Sved\u010d\u00ed o tom aj percentu\u00e1lna miera pr\u00edrodn\u00fdch katastrof s\u00favisiacich s vodou poukazuj\u00faca na to, \u017ee po\u010das rokov 2001 a\u017e 2018 vykazovala 74 %.<\/p>\n<p>Narastaj\u00face teploty sa prejavia aj bud\u00faci rok, na ktor\u00e9 bude ma\u0165 pod\u013ea odborn\u00edkov zna\u010dn\u00fd vplyv <strong>jav El Ni\u00f1o.<\/strong> K jeho vyvrcholeniu m\u00e1 pr\u00eds\u0165 u\u017e koncom roka. V d\u00f4sledku toho sa apeluje na riziko zni\u010denia alebo kontamin\u00e1cie cel\u00fdch z\u00e1sobn\u00edkov vody, \u010do m\u00f4\u017ee ma\u0165 vplyv na vznik pand\u00e9mi\u00ed cholery \u010di t\u00fdfusu.<\/p>\n<h3>Fond pre rozvojov\u00e9 krajiny<\/h3>\n<p>S\u00edce chudobnej\u0161ie krajiny sa na klimatickej kr\u00edze podie\u013eaj\u00fa najmenej, aj cez to si odn\u00e1\u0161aj\u00fa najv\u00e4\u010d\u0161ie \u0161kody jej dopadu. Na z\u00e1klade toho m\u00e1 vznikn\u00fa\u0165<strong> nov\u00fd fond pre ich n\u00e1pravu,<\/strong> uv\u00e1dza port\u00e1l Czechcrunch. Fungova\u0165 bude na princ\u00edpe toho, \u017ee vyspel\u00e9 krajiny pon\u00faknu podporu rozvojov\u00fdm.<\/p>\n A\u017e 450 mili\u00f3nov det\u00ed \u017eije v oblastiach s nedostatkom pitnej vody. Zdroj: pexels.com\n<p>Prv\u00e9 kroky sa prostredn\u00edctvom \u010dlensk\u00fdch \u0161t\u00e1toch OSN podnikli u\u017e po\u010das minul\u00e9ho roka na klimatickej konferencii COP27 v Egypte. <strong>Konkr\u00e9tna podoba fondu by sa mala schv\u00e1li\u0165 za mesiac.<\/strong><\/p>\n<p>Doposia\u013e prebehlo p\u00e4\u0165 rokovan\u00ed, ktor\u00e9 sl\u00fa\u017eili na to, aby sa z\u00e1stupcovia jednotliv\u00fdch kraj\u00edn dohodli, kto bude do fondu prispieva\u0165 a ak\u00e1 in\u0161tit\u00facia bude na neho dohliada\u0165. <strong>Posledn\u00e1 sch\u00f4dzka sa uskuto\u010dnila na za\u010diatku novembra v Ab\u00fa Dhab\u00ed,<\/strong> v d\u00f4sledku \u010doho sa dohodli k\u013e\u00fa\u010dov\u00e9 opatrenia.<\/p>\n<p><strong><em>\u201eV rozhodnut\u00ed s\u00fa podrobne pop\u00edsan\u00e9 pravidl\u00e1 riadenia fondu. Jeho \u00fa\u010delom je pom\u00e1ha\u0165 rozvojov\u00fdm krajin\u00e1m, ktor\u00e9 s\u00fa zranite\u013en\u00e9 vo\u010di nepriazniv\u00fdm \u00fa\u010dinkom zmeny kl\u00edmy, a reagova\u0165 na hospod\u00e1rske a nehospod\u00e1rske straty a \u0161kody, ktor\u00e9 s\u00fa s t\u00fdm spojen\u00e9, vr\u00e1tane poveternostn\u00fdch javov a pomaly nastupuj\u00facich udalost\u00ed,\u201c<\/em> <\/strong>pribli\u017euje pre Czechcrunch hovorky\u0148a \u010desk\u00e9ho ministra \u017eivotn\u00e9ho prostredia Lucia Je\u0161\u00e1tkov\u00e1.<\/p>\n<p>Na z\u00e1klade toho sa financie ur\u010dia <strong>na n\u00e1pravu \u010doraz viac intenz\u00edvnej\u0161ieho sucha,<\/strong> ale aj z\u00e1plav, po\u017eiarov a \u010fal\u0161\u00edch dopadov glob\u00e1lnej klimatickej zmeny.<\/p>\n<h3>Nedorie\u0161en\u00e9 ot\u00e1zky<\/h3>\n<p>S\u00edce posledn\u00e9 rokovanie dopadlo \u00faspe\u0161n\u00e9, o niektor\u00fdch bodoch sa e\u0161te definit\u00edvne nerozhodlo. Jednou z prim\u00e1rnych ot\u00e1zok je, kto bude fond dlhodobo obsluhova\u0165 tak, aby bol nez\u00e1visl\u00fd.<strong> Do\u010dasn\u00fdm spr\u00e1vcom pod\u013ea posledn\u00fdch rozhovorov by sa mala sta\u0165 Svetov\u00e1 banka.<\/strong><\/p>\n Mnoh\u00e9 krajiny v d\u00f4sledku vysok\u00fdch tepl\u00f4t trpia dlh\u00fdmi obdobiami sucha. Zdroj: pexels.com\n<p>Rada rozvojov\u00fdch kraj\u00edn v\u0161ak na to reagovala nie pr\u00edli\u0161 pozit\u00edvne, v d\u00f4sledku \u010doho pou\u017eila argument s\u00favisiaci<strong> s pomalou reakciou banky na minuloro\u010dn\u00e9 povodne v Pakistane.<\/strong><\/p>\n<p><strong>Pod\u013ea inform\u00e1ci\u00ed britsk\u00e9ho denn\u00edka The Guardian sa doposia\u013e nestanovila ani pevn\u00e1 suma, ktor\u00fa by mal fond vyplati\u0165.<\/strong><\/p>\n<p><strong>\u010eal\u0161ia podoba sa bude schva\u013eova\u0165 na nasleduj\u00facej klimatickej konferencii COP28, ktor\u00e1 sa uskuto\u010dn\u00ed v Dubaji medzi novembrom a decembrom.<\/strong> Pokia\u013e by stanoven\u00fd pl\u00e1n niektor\u00e9 spolupodie\u013eaj\u00face sa krajiny nechceli podpori\u0165, existuje \u0161anca \u010fal\u0161\u00edch rokovan\u00ed.<\/p>\n<h3>Kto bude prispieva\u0165?<\/h3>\n<p>Rozvojov\u00e9 krajiny vyjadrili k\u013e\u00fa\u010dov\u00e9 \u00fastupky t\u00fdkaj\u00face sa napr\u00edklad toho, \u017ee fond m\u00f4\u017ee by\u0165 do\u010dasne spravovan\u00fd Svetovou bankou. Z\u00e1rove\u0148 rozvinut\u00e9 krajiny s\u00fahlasili s ich hlavn\u00fdm darcovstvom. V pr\u00edpade ostatn\u00fdch bud\u00fa m\u00f4c\u0165 pr\u00edspevky fungova\u0165 <strong>na b\u00e1ze dobrovo\u013enosti.<\/strong><\/p>\n<p>Najv\u00e4\u010d\u0161\u00edmi prispievate\u013emi by mali by\u0165 <strong>Spojen\u00e9 \u0161t\u00e1ty americk\u00e9, Eur\u00f3pska \u00fania \u010di Ve\u013ek\u00e1 Brit\u00e1nia.<\/strong> V pr\u00edpade \u010c\u00edny alebo Indie sa vyskytuje nieko\u013eko ot\u00e1znikov, nako\u013eko aj cez ich najv\u00e4\u010d\u0161ie ekonomiky na svete sa nepova\u017euj\u00fa za vyspel\u00e9 krajiny.<\/p>\n Viacer\u00e9 krajiny kv\u00f4li vplyvom klimatickej zmeny s\u00fa zasiahnut\u00e9 s obrovsk\u00fdmi \u0161kodami. Zdroj: pexels.com\n<p><strong><em>\u201eFond by mal by\u0165 z\u00e1rove\u0148 schopn\u00fd prij\u00edma\u0165 pr\u00edspevky z najr\u00f4znej\u0161\u00edch zdrojov,\u201c<\/em> <\/strong>dod\u00e1va Je\u0161\u00e1tkov\u00e1. Jedn\u00fdm z nich je napr\u00edklad filantropia.<\/p>\n<p>Riadenie a kontrolu fondu bude ma\u0165 pod sebou spr\u00e1vna rada, ktor\u00e1 bude zodpovedn\u00e1 aj za strategick\u00fd smer, ktor\u00fdm sa bude organiz\u00e1cia ubera\u0165. Tvori\u0165 ju m\u00e1 26 \u010dlenov, pri\u010dom <strong>bude m\u00f4c\u0165 rozhodova\u0165 aj o poskytovan\u00ed mal\u00fdch grantov pre jednotliv\u00e9 komunity.<\/strong><\/p>","protected":false},"excerpt":{"rendered":"<p>Progn\u00f3za Medzivl\u00e1dneho panelu pre klimatick\u00fa zmenu z roku 2021, ktor\u00e1 sa t\u00fdkala mas\u00edvneho oteplenia v nasleduj\u00facom desa\u0165ro\u010d\u00ed, naber\u00e1 na realite. Po\u010das letn\u00fdch mesiacoch sa zaznamenalo<\/p>","protected":false},"author":1,"featured_media":0,"comment_status":"closed","ping_status":"closed","sticky":false,"template":"","format":"standard","meta":{"footnotes":""},"categories":[51],"tags":[],"class_list":["post-8562","post","type-post","status-publish","format-standard","hentry","category-archiv","two-columns"],"_links":{"self":[{"href":"https:\/\/instrid.sk\/en\/wp-json\/wp\/v2\/posts\/8562","targetHints":{"allow":["GET"]}}],"collection":[{"href":"https:\/\/instrid.sk\/en\/wp-json\/wp\/v2\/posts"}],"about":[{"href":"https:\/\/instrid.sk\/en\/wp-json\/wp\/v2\/types\/post"}],"author":[{"embeddable":true,"href":"https:\/\/instrid.sk\/en\/wp-json\/wp\/v2\/users\/1"}],"replies":[{"embeddable":true,"href":"https:\/\/instrid.sk\/en\/wp-json\/wp\/v2\/comments?post=8562"}],"version-history":[{"count":0,"href":"https:\/\/instrid.sk\/en\/wp-json\/wp\/v2\/posts\/8562\/revisions"}],"wp:attachment":[{"href":"https:\/\/instrid.sk\/en\/wp-json\/wp\/v2\/media?parent=8562"}],"wp:term":[{"taxonomy":"category","embeddable":true,"href":"https:\/\/instrid.sk\/en\/wp-json\/wp\/v2\/categories?post=8562"},{"taxonomy":"post_tag","embeddable":true,"href":"https:\/\/instrid.sk\/en\/wp-json\/wp\/v2\/tags?post=8562"}],"curies":[{"name":"wp","href":"https:\/\/api.w.org\/{rel}","templated":true}]}}