{"id":8617,"date":"2023-12-21T00:00:00","date_gmt":"2023-12-20T23:00:00","guid":{"rendered":"https:\/\/instrid.sk\/uncategorized\/svetla-na-autach-budu-aj-tyrkysove-nova-farba-sa-prida-k-bielej-oranzovej-a-cervenej-kvoli-pokroku-v-technike\/"},"modified":"2023-12-21T00:00:00","modified_gmt":"2023-12-20T23:00:00","slug":"svetla-na-autach-budu-aj-tyrkysove-nova-farba-sa-prida-k-bielej-oranzovej-a-cervenej-kvoli-pokroku-v-technike","status":"publish","type":"post","link":"https:\/\/instrid.sk\/en\/archiv\/svetla-na-autach-budu-aj-tyrkysove-nova-farba-sa-prida-k-bielej-oranzovej-a-cervenej-kvoli-pokroku-v-technike\/","title":{"rendered":"Svetl\u00e1 na aut\u00e1ch bud\u00fa aj tyrkysov\u00e9. Nov\u00e1 farba sa prid\u00e1 k bielej, oran\u017eovej a \u010dervenej kv\u00f4li pokroku v technike"},"content":{"rendered":"<h3>Nov\u00e1 farba svetiel pre aut\u00e1<\/h3>\n<p>Automobily v s\u00fa\u010dasnosti pou\u017e\u00edvaj\u00fa tri farby vonkaj\u0161ieho osvetlenia: bielu, \u017elt\u00fa (oran\u017eov\u00fa) a \u010derven\u00fa. V\u00fdrobca Mercedes-Benz teraz ako prv\u00e1 automobilka na svete z\u00edskal povolenie v dvoch \u0161t\u00e1toch, aby do svojich \u00e1ut integroval aj \u010fal\u0161iu farbu osvetlenia &#8211; tyrkysov\u00fa.<\/p>\n<p>T\u00e1to n\u00e1padn\u00e1 a dobre rozl\u00ed\u0161ite\u013en\u00e1 <strong>farba m\u00e1 informova\u0165, \u017ee auto pr\u00e1ve jazd\u00ed samo\u010dinne<\/strong>, teda ho riadi autopilot.<\/p>\n<p><strong>Tyrkysov\u00e1 farba bude integrovan\u00e1 do predn\u00fdch a zadn\u00fdch svetiel<\/strong>, ako aj do dvoch vonkaj\u0161\u00edch sp\u00e4tn\u00fdch zrkadiel.<\/p>\n<h3>Kde bud\u00fa jazdi\u0165?<\/h3>\n<p>Tak\u00e9to vozidl\u00e1 sa prv\u00fdkr\u00e1t objavia v americk\u00fdch \u0161t\u00e1toch Kalifornia a Nevada.<\/p>\n<p>Cestn\u00e9 testy poskytn\u00fa d\u00f4le\u017eit\u00e9 inform\u00e1cie o interakci\u00e1ch medzi automatizovan\u00fdmi vozidlami a ostatn\u00fdmi \u00fa\u010dastn\u00edkmi cestnej prem\u00e1vky.<\/p>\n<p>Povolenie na testovanie v Kalifornii plat\u00ed po\u010das dvoch rokov, zatia\u013e \u010do povolenie v Nevade je viazan\u00e9 na vozidl\u00e1 Mercedes-Benz s modelov\u00fdm rokom 2026 a zostane platn\u00e9, pokia\u013e ned\u00f4jde k z\u00e1konnej zmene v \u0161t\u00e1tnom z\u00e1konodarnom org\u00e1ne. Tieto inform\u00e1cie bud\u00fa n\u00e1sledne pou\u017eit\u00e9 na d\u00f4sledne vyhodnocovanie, aby bolo mo\u017eno vytvori\u0165 cenn\u00e9 podklady pre bud\u00facu \u0161tandardiz\u00e1ciu novej farby osvetlenia.<\/p>\n<p>Mercedes-Benz sa dokonca zaviazal, \u017ee bude anga\u017eova\u0165 o glob\u00e1lnu \u0161tandardiz\u00e1ciu tyrkysovej farby ako vizualiz\u00e1cie automatizovanej jazdy.<\/p>\n<p>V s\u00fa\u010dasnosti neexistuje v\u0161eobecn\u00fd r\u00e1mec pre pou\u017e\u00edvanie tyrkysov\u00fdch svetiel v s\u00e9riov\u00fdch vozidl\u00e1ch v Spojen\u00fdch \u0161t\u00e1toch, \u010c\u00edne ani v E\u00da.<\/p>\n Mercedes Benz EQS s tyrkysov\u00fdmi obrysov\u00fdmi svetlami ozna\u010duj\u00facimi zapnut\u00e9ho autopilota\n<h3>Pre\u010do pr\u00e1ve tyrkysov\u00e1 farba?<\/h3>\n<p>Tyrkysov\u00e1 farba sp\u013a\u0148a dve z\u00e1kladn\u00e9 krit\u00e9ri\u00e1 &#8211; m\u00e1 vysok\u00fa vidite\u013enos\u0165, \u010do umo\u017e\u0148uje r\u00fdchle rozpoznanie ostatn\u00fdch \u00fa\u010dastn\u00edkov cestnej prem\u00e1vky, a z\u00e1rove\u0148 sa odli\u0161uje od existuj\u00faceho osvetlenia vozidla, ako s\u00fa smerov\u00e9 svetl\u00e1, brzdov\u00e9 svetl\u00e1 alebo n\u00fadzov\u00e9 svetl\u00e1<\/p>\n<p>. T\u00fdm sa v\u00fdrazne zni\u017euje riziko zamie\u0148ania s existuj\u00facimi farebn\u00fdmi svetlami.<\/p>\n<p>Mercedes tie\u017e informuje, \u017ee <strong>pod\u013ea v\u00fdsledkov mnoh\u00fdch testovac\u00edch \u0161t\u00fadi\u00ed je tyrkysov\u00e1 farba optim\u00e1lna pre automatizovan\u00fa jazdu<\/strong>.<\/p>\n<p style=\"padding-left: 40px;\"><em>Fyziologick\u00e9 aj psychologick\u00e9 faktory ukazuj\u00fa, \u017ee tyrkysov\u00e1 m\u00e1 vy\u0161\u0161ie hodnoty takmer vo v\u0161etk\u00fdch oblastiach ako in\u00e9 farby. Tyrkysov\u00e1 je tie\u017e op\u00edsan\u00e1 v odpor\u00fa\u010danej praxi SAE J3134 \u201cADS Marker Lamps\u201d na pou\u017eitie na zobrazenie aktiv\u00e1cie automatizovan\u00e9ho jazdn\u00e9ho syst\u00e9mu. V\u00fdvoj a schv\u00e1lenie nov\u00e9ho konceptu osvetlenia si vy\u017eadovali spolupr\u00e1cu interdisciplin\u00e1rneho t\u00edmu vr\u00e1tane in\u017einierov, mana\u017e\u00e9rov dodr\u017eiavania predpisov, odborn\u00edkov na ochranu \u00fadajov a odborn\u00edkov na etiku.\u00a0 (zdroj: <\/em><em>Mercedes-Benz)<\/em><\/p>\n<p>Mercedes ver\u00ed, \u017ee zavedenie tyrkysov\u00fdch obrysov\u00fdch svetiel m\u00f4\u017ee v\u00fdrazne zv\u00fd\u0161i\u0165 prijatie verejnos\u0165ou automatizovanej jazdy a prispie\u0165 k bezpe\u010dnosti na cest\u00e1ch, preto\u017ee tieto svetl\u00e1 jasne signalizuj\u00fa vonkaj\u0161iemu svetu, \u017ee vozidlo je v automatizovanom re\u017eime jazdy.<\/p>\n<p>Tieto svetl\u00e1 tie\u017e umo\u017e\u0148uj\u00fa policajtom ur\u010di\u0165 stav syst\u00e9mu a zisti\u0165, \u010di m\u00f4\u017eu vodi\u010di vykon\u00e1va\u0165 sekund\u00e1rne \u010dinnosti po\u010das automatizovanej jazdy &#8211; napr\u00edklad nevenova\u0165 pozornos\u0165 prem\u00e1vke \u010di dokonca spa\u0165. Po pr\u00edchode \u00e1ut s tyrkysov\u00fdmi svetlami na Slovensko si m\u00f4\u017eete jedno zadov\u00e1\u017ei\u0165 aj v\u010faka leasingu.<\/p>\n<p>&nbsp;<\/p>","protected":false},"excerpt":{"rendered":"<p>Nov\u00e1 farba svetiel pre aut\u00e1 Automobily v s\u00fa\u010dasnosti pou\u017e\u00edvaj\u00fa tri farby vonkaj\u0161ieho osvetlenia: bielu, \u017elt\u00fa (oran\u017eov\u00fa) a \u010derven\u00fa. V\u00fdrobca Mercedes-Benz teraz ako prv\u00e1 automobilka na<\/p>","protected":false},"author":1,"featured_media":0,"comment_status":"closed","ping_status":"closed","sticky":false,"template":"","format":"standard","meta":{"footnotes":""},"categories":[51],"tags":[],"class_list":["post-8617","post","type-post","status-publish","format-standard","hentry","category-archiv","two-columns"],"_links":{"self":[{"href":"https:\/\/instrid.sk\/en\/wp-json\/wp\/v2\/posts\/8617","targetHints":{"allow":["GET"]}}],"collection":[{"href":"https:\/\/instrid.sk\/en\/wp-json\/wp\/v2\/posts"}],"about":[{"href":"https:\/\/instrid.sk\/en\/wp-json\/wp\/v2\/types\/post"}],"author":[{"embeddable":true,"href":"https:\/\/instrid.sk\/en\/wp-json\/wp\/v2\/users\/1"}],"replies":[{"embeddable":true,"href":"https:\/\/instrid.sk\/en\/wp-json\/wp\/v2\/comments?post=8617"}],"version-history":[{"count":0,"href":"https:\/\/instrid.sk\/en\/wp-json\/wp\/v2\/posts\/8617\/revisions"}],"wp:attachment":[{"href":"https:\/\/instrid.sk\/en\/wp-json\/wp\/v2\/media?parent=8617"}],"wp:term":[{"taxonomy":"category","embeddable":true,"href":"https:\/\/instrid.sk\/en\/wp-json\/wp\/v2\/categories?post=8617"},{"taxonomy":"post_tag","embeddable":true,"href":"https:\/\/instrid.sk\/en\/wp-json\/wp\/v2\/tags?post=8617"}],"curies":[{"name":"wp","href":"https:\/\/api.w.org\/{rel}","templated":true}]}}