{"id":8711,"date":"2022-07-17T00:00:00","date_gmt":"2022-07-16T23:00:00","guid":{"rendered":"https:\/\/instrid.sk\/uncategorized\/svet-nekontrolovatelne-pribera-mnozstvo-obeznych-je-podla-odbornikov-alarmujuce\/"},"modified":"2025-07-27T13:09:44","modified_gmt":"2025-07-27T12:09:44","slug":"svet-nekontrolovatelne-pribera-mnozstvo-obeznych-je-podla-odbornikov-alarmujuce","status":"publish","type":"post","link":"https:\/\/instrid.sk\/en\/archiv\/svet-nekontrolovatelne-pribera-mnozstvo-obeznych-je-podla-odbornikov-alarmujuce\/","title":{"rendered":"Svet nekontrolovate\u013ene priber\u00e1: Mno\u017estvo ob\u00e9znych je pod\u013ea odborn\u00edkov alarmuj\u00face"},"content":{"rendered":"<p>Pod\u013ea serveru BBC, ktor\u00fd sa odvol\u00e1va na \u0161t\u00fadiu zverejnen\u00fa v odbornom \u010dasopise The Lancet, je na svete viac ako miliarda \u013eud\u00ed trpiacich obezitou.<\/p>\n<p>\u00dadaje z roku 2022 ukazuj\u00fa, \u017ee <strong>tento probl\u00e9m postihuje 159 mili\u00f3nov det\u00ed a 880 mili\u00f3nov dospel\u00fdch, pri\u010dom tento po\u010det sa pod\u013ea \u0161t\u00fadie zverejnenej lek\u00e1rskym \u010dasopisom Lancet od roku 1990 viac ako \u0161tvorn\u00e1sobne zv\u00fd\u0161il. \u010eal\u0161ie stovky mili\u00f3nov k tomu maj\u00fa maj\u00fa nadv\u00e1hu.<\/strong><\/p>\n<p>Najvy\u0161\u0161ia miera obezity u \u017eien bola zaznamenan\u00e1 v z\u00e1padoafrickom Togu a na tichomorsk\u00fdch Americk\u00fdch Samo\u00e1ch, kde je tie\u017e vysok\u00fd podiel ob\u00e9znych mu\u017eov, rovnako ako v ostrovnom \u0161t\u00e1te Nauru. V t\u00fdchto krajin\u00e1ch trp\u00ed 70 a\u017e 80 percent dospel\u00fdch obezitou, informuje sciencealert.com.\u00a0<\/p>\n<p><iframe title=\"WHO: More Than a Billion People Are Now Considered Obese\" src=\"https:\/\/www.youtube.com\/embed\/izHSNe4OPow\" width=\"100%\" height=\"450\" frameborder=\"0\" allowfullscreen=\"allowfullscreen\"><span data-mce-type=\"bookmark\" style=\"display: inline-block; width: 0px; overflow: hidden; line-height: 0;\" class=\"mce_SELRES_start\"><\/span><\/iframe><\/p>\n<h3>Najvy\u0161\u0161\u00ed \u010das na zmenu<\/h3>\n<p><strong>Medzin\u00e1rodn\u00fd vedeck\u00fd t\u00edm apeluje na potrebu zmeny pr\u00edstupu k rie\u0161eniu obezity, ktor\u00e1 zvy\u0161uje riziko mnoh\u00fdch v\u00e1\u017enych zdravotn\u00fdch komplik\u00e1ci\u00ed,<\/strong> ak\u00fdmi s\u00fa napr\u00edklad srdcov\u00e9 ochorenia, diabetes typu 2, niektor\u00e9 druhy rakoviny, ale aj mnoh\u00e9 \u010fal\u0161ie.<\/p>\n<p>V\u00fdskumn\u00edk Majid Ezzati z Kr\u00e1\u013eovskej univerzity v Lond\u00fdne uviedol, \u017ee <strong>situ\u00e1cia v ostrovn\u00fdch oblastiach je \u010dasto ovplyvnen\u00e1 \u013eahkou dostupnos\u0165ou nezdrav\u00fdch potrav\u00edn, ktor\u00e9 s\u00fa \u010dasto propagovan\u00e9 agres\u00edvnymi marketingov\u00fdmi kampa\u0148ami.<\/strong><\/p>\n<p>Ezzati tie\u017e poznamenal, \u017ee je alarmuj\u00face, ako r\u00fdchlo sa situ\u00e1cia men\u00ed. Po\u010det kraj\u00edn, ktor\u00e9 sa stret\u00e1vaj\u00fa s rast\u00facim po\u010dtom ob\u00e9znych os\u00f4b, st\u00fapa, zatia\u013e \u010do miesta, kde je hlavn\u00fdm probl\u00e9mom podv\u00fd\u017eiva, sa zmen\u0161uj\u00fa.<\/p>\n<p><strong><em>&#8222;Predstaven\u00e1 \u0161t\u00fadia zd\u00f4raz\u0148uje d\u00f4le\u017eitos\u0165 prevencie u\u017e od \u00fatleho veku pomocou zdravej stravy, fyzickej aktivity a adekv\u00e1tnej starostlivosti,&#8220;<\/em><\/strong> vyhl\u00e1sil predseda Svetovej zdravotn\u00edckej organiz\u00e1cie (WHO) Tedros Adhanom Ghebreyesus.<\/p>\n<h3>N\u00e1rast ob\u00e9znych m\u00e1 viacero d\u00f4vodov<\/h3>\n<p><strong><em>&#8222;Dopady udalost\u00ed ako je pand\u00e9mia covidu-19, vojnov\u00e9 konflikty na Ukrajine a klimatick\u00e9 zmeny m\u00f4\u017eu vies\u0165 k n\u00e1rastu pr\u00edpadov obezity a nadv\u00e1hy kv\u00f4li chudobe a vysok\u00fdm cen\u00e1m zdrav\u00fdch potrav\u00edn,&#8220;<\/em><\/strong> povedala spoluautorka \u0161t\u00fadie Guha Prad\u00edpov\u00e1 pod\u013ea BBC. Aj napriek tomu, \u017ee po\u010det \u013eud\u00ed trpiacich podv\u00fd\u017eivou kles\u00e1 o 50 percent, st\u00e1le zost\u00e1va z\u00e1va\u017en\u00fdm probl\u00e9mom predov\u0161etk\u00fdm v chudobn\u00fdch komunit\u00e1ch, upozornili vedci.<\/p>\n<p>Francesco Branca, riadite\u013e v\u00fd\u017eivy pre zdravie vo WHO, uviedol, \u017ee <strong>n\u00e1rast na jednu miliardu ob\u00e9znych \u013eud\u00ed pri\u0161iel \u201eove\u013ea sk\u00f4r, ako sme o\u010dak\u00e1vali\u201c.<\/strong> K\u00fdm lek\u00e1ri vedeli, \u017ee po\u010dty ob\u00e9znych extr\u00e9mne r\u00fdchlo rast\u00fa, symbolick\u00e9 \u010d\u00edslo sa predt\u00fdm o\u010dak\u00e1valo a\u017e v roku 2030.<\/p>\n<p><strong><em>&#8222;V minulosti sme mali tendenciu pova\u017eova\u0165 obezitu za probl\u00e9m bohat\u00fdch, teraz je to u\u017e probl\u00e9m sveta,&#8220;<\/em><\/strong> povedal Branca, ktor\u00fd vyzdvihol r\u00fdchle zmeny \u017eivotn\u00e9ho \u0161t\u00fdlu v krajin\u00e1ch s n\u00edzkymi a stredn\u00fdmi pr\u00edjmami.<\/p>\n<p>Zatia\u013e \u010do nedostatok jedla je hlavnou pr\u00ed\u010dinou podv\u00fd\u017eivy, <strong>nespr\u00e1vne stravovanie je zase hlavn\u00fdm faktorom obezity.<\/strong><\/p>\n Obezita v\u00fdrazne zhor\u0161uje kvalitu \u017eivota a skracuje jej d\u013a\u017eku. Zdroj: unsplash.com\n<h3>Do zmien sa musia zapoji\u0165 v\u0161etci<\/h3>\n<p>Gener\u00e1lny riadite\u013e WHO Tedros Adhanom Ghebreyesus dodal, \u017ee <strong>n\u00e1vrat na spr\u00e1vnu cestu k splneniu glob\u00e1lnych cie\u013eov na zn\u00ed\u017eenie miery obezity si vy\u017eaduje spolupr\u00e1cu s\u00fakromn\u00e9ho sektora,<\/strong> ktor\u00fd mus\u00ed nies\u0165 zodpovednos\u0165 za zdravotn\u00e9 dopady svojich produktov.<\/p>\n<p><strong>WHO podporila zdanenie sladen\u00fdch n\u00e1pojov, obmedzenie predaja nezdrav\u00fdch potrav\u00edn de\u0165om a zv\u00fd\u0161enie dot\u00e1ci\u00ed na zdrav\u00e9 potraviny.<\/strong><\/p>\n<p>Odborn\u00edci tvrdia, \u017ee <strong>aj nov\u00e9 sp\u00f4soby lie\u010dby cukrovky m\u00f4\u017eu pom\u00f4c\u0165 v boji proti obezite.<\/strong> Branca v\u0161ak povedal, \u017ee nov\u00e9 lieky &#8222;s\u00fa d\u00f4le\u017eit\u00fdm n\u00e1strojom, ale nie rie\u0161en\u00edm probl\u00e9mu&#8220;.<\/p>\n<p><em>&#8222;Obezita je dlhodob\u00e1 z\u00e1le\u017eitos\u0165 a je d\u00f4le\u017eit\u00e9 pozrie\u0165 sa na vplyv t\u00fdchto liekov na dlhodob\u00e9 \u00fa\u010dinky alebo ved\u013eaj\u0161ie \u00fa\u010dinky,&#8220;<\/em> dodal.<\/p>\n<h3>Obezita skracuje \u017eivot<\/h3>\n<p>Obezita, ktorej sa hovor\u00ed aj epid\u00e9mia \u013eudstva, v\u00fdrazne zhor\u0161uje kvalitu \u017eivota a skracuje jej d\u013a\u017eku. <strong>Priemern\u00e1 d\u013a\u017eka do\u017eitia \u013eud\u00ed s BMI nad 40 je 60 rokov. Zdravotn\u00e9 rizik\u00e1 v\u0161ak st\u00fapaj\u00fa u\u017e pri ove\u013ea ni\u017e\u0161om BMI, pri hodnote 25, \u010do je nadv\u00e1ha.<\/strong><\/p>\n<p>Za vznikom obezity m\u00f4\u017ee by\u0165 viacero faktorov a \u010dastokr\u00e1t ide sk\u00f4r o kombin\u00e1ciu viacer\u00fdch z nich, ako len o jeden samotn\u00fd. Ako kombin\u00e1cia r\u00f4znych faktorov,<strong> genetika, \u017eivotn\u00e9 prostredie, \u017eivotn\u00fd \u0161t\u00fdl, jeho n\u00e1vyky, r\u00fdchle ob\u010derstvenia, depresia, niektor\u00e9 antidepres\u00edva, odvykanie od faj\u010denia, lieky ako steroidy, antikoncepcia.<\/strong><\/p>\n<p>V\u00fdrazn\u00fd vplyv m\u00e1 <strong>aj stres, depresie a podobne, taktie\u017e alkohol pom\u00e1ha k vzniku nadv\u00e1hy.<\/strong><\/p>\n<p>Svoj vplyv m\u00e1 samozrejme aj <strong>dedi\u010dnos\u0165 a genetick\u00e1 predispoz\u00edcia, ale d\u00f4le\u017eit\u00fd je najm\u00e4 nadmern\u00fd pr\u00edsun potravy a nedostatok pohybu,<\/strong> \u010do s\u00fa hlavn\u00e9 pr\u00ed\u010diny vzniku obezity.<\/p>","protected":false},"excerpt":{"rendered":"<p>Pod\u013ea serveru BBC, ktor\u00fd sa odvol\u00e1va na \u0161t\u00fadiu zverejnen\u00fa v odbornom \u010dasopise The Lancet, je na svete viac ako miliarda \u013eud\u00ed trpiacich obezitou. \u00dadaje z<\/p>","protected":false},"author":1,"featured_media":0,"comment_status":"closed","ping_status":"closed","sticky":false,"template":"","format":"standard","meta":{"footnotes":""},"categories":[51],"tags":[],"class_list":["post-8711","post","type-post","status-publish","format-standard","hentry","category-archiv","two-columns"],"_links":{"self":[{"href":"https:\/\/instrid.sk\/en\/wp-json\/wp\/v2\/posts\/8711","targetHints":{"allow":["GET"]}}],"collection":[{"href":"https:\/\/instrid.sk\/en\/wp-json\/wp\/v2\/posts"}],"about":[{"href":"https:\/\/instrid.sk\/en\/wp-json\/wp\/v2\/types\/post"}],"author":[{"embeddable":true,"href":"https:\/\/instrid.sk\/en\/wp-json\/wp\/v2\/users\/1"}],"replies":[{"embeddable":true,"href":"https:\/\/instrid.sk\/en\/wp-json\/wp\/v2\/comments?post=8711"}],"version-history":[{"count":1,"href":"https:\/\/instrid.sk\/en\/wp-json\/wp\/v2\/posts\/8711\/revisions"}],"predecessor-version":[{"id":8965,"href":"https:\/\/instrid.sk\/en\/wp-json\/wp\/v2\/posts\/8711\/revisions\/8965"}],"wp:attachment":[{"href":"https:\/\/instrid.sk\/en\/wp-json\/wp\/v2\/media?parent=8711"}],"wp:term":[{"taxonomy":"category","embeddable":true,"href":"https:\/\/instrid.sk\/en\/wp-json\/wp\/v2\/categories?post=8711"},{"taxonomy":"post_tag","embeddable":true,"href":"https:\/\/instrid.sk\/en\/wp-json\/wp\/v2\/tags?post=8711"}],"curies":[{"name":"wp","href":"https:\/\/api.w.org\/{rel}","templated":true}]}}